{"id":750,"date":"2016-06-06T07:59:03","date_gmt":"2016-06-06T06:59:03","guid":{"rendered":"http:\/\/www.19paulfort.com\/galerie\/?p=750"},"modified":"2019-11-14T11:31:44","modified_gmt":"2019-11-14T10:31:44","slug":"haguiko","status":"publish","type":"post","link":"http:\/\/www.19paulfort.com\/galerie\/index.php\/2016\/06\/06\/haguiko\/","title":{"rendered":"HAGUIKO &#8211;"},"content":{"rendered":"<h1 style=\"text-align: justify;\">Haguiko<\/h1>\n<p style=\"text-align: justify;\"><strong>C\u00e9ramiste<\/strong><\/p>\n<p style=\"text-align: justify;\">&#8211; N\u00e9e en 1948 \u00e0 Saga (JAPON), vit et travaille en France depuis 1972<br \/>\n&#8211; Dipl\u00f4me d\u2019Architecture de l\u2019Universit\u00e9 de FUKUOKA (JAPON)<br \/>\n&#8211; Dipl\u00f4me National Sup\u00e9rieur d&rsquo;\u00c9tudes Art Plastique (FRANCE)<br \/>\n&#8211; 1991-1995 Professeur \u00e0 l\u2019\u00c9cole Sup\u00e9rieure des Beaux-Arts de MARSEILLE-LUMINY, (Espace-Design)<br \/>\n&#8211; 2006-2011 Professeur \u00e0 l\u2019\u00c9cole Sup\u00e9rieure des M\u00e9tiers d\u2019Art d\u2019ARRAS ( 2006-2011 )<\/p>\n<p style=\"text-align: justify;\">&#8211; Affili\u00e9e \u00e0 la Maison des Artistes depuis 1978<br \/>\n&#8211; Membre l\u2019Acad\u00e9mie Internationale de la C\u00e9ramique<br \/>\n&#8211; Membre de l\u2019Ateliers d\u2019Art de France<br \/>\n&#8211; N\u00b0 de SIRET 821 951 522 000 19<\/p>\n<p style=\"text-align: justify;\">Applications organisation d\u2019espace-installation, d\u00e9coration murale, am\u00e9nagement de jardin, objets sculpturaux et usuels<\/p>\n<p style=\"text-align: justify;\"><strong>Expositions personnelles r\u00e9centes (depuis 1999)<\/strong><\/p>\n<p style=\"text-align: justify;\">1999 Centre C\u00e9ramique de LA BORNE (18) \/ Centre Culturel \u00ab\u00a0ESPACE SAINT-JEAN\u00a0\u00bb MELUN (77)<br \/>\n2003 Galerie DM SARVER, PARIS (75) \/ Abbaye d\u2019ARTHOUS, HASTINGUES (40)<br \/>\n2004 Galerie B 15, MUNICH (D) \/ Centre d\u2019Art LE SAFRAIN \u201cCARR\u00c9 NOIR\u201d, AMIENS (80) \/ Galerie LOES &amp; REINIER, (NL)<br \/>\n2005 Galerie FUSION, TOULOUSE (31)<br \/>\n2006 LE VILLAGE \u201csite exp\u00e9rimentation artistique\u201d Galerie Th\u00e9bault, Bazouges la P\u00e9rouse (35)<br \/>\nEspace d\u2019art contemporain \u201cLes Roches\u201d, Le Chambon sur Lignon (43)<br \/>\n2008 \u201cLes journ\u00e9es de la C\u00e9ramique\u201d PLACE ST SULPICE \u00c0 PARIS (75)<br \/>\n2013 Galerie Empreintes, Aydat (63) \/ Galerie Fil Rouge, Roubaix (59)<br \/>\n2014 Galerie CAPAZZA, Nan\u00e7ay (18)<br \/>\n2015 exposition duo \u00ab\u00a0HAGUIKO &amp; Jean-PIerre VIOT \u00a0\u00bb La Galerie A REBOURS, Paris (75)<br \/>\n2016 \u00ab\u00a01+1=1, \u0153uvre \u00e0 4 mains\u00a0\u00bb exposition duo avec jean-Pierre VIOT, Galerie Empreintes, Aydat (63)<br \/>\n\u201cHAD, hier, aujourd\u2019hui, demain\u201d Espace Ecureil, Fondation pour l\u2019Art Contemporain, Toulouse (31) exposition duo avec Jean-Pierre VIOT<br \/>\n2017 \u201c SOURCES \u201c exposition duo avec Herv\u00e9 ROUSSEAU, Ecepace Culturel Fran\u00e7ois Mitterand, organis\u00e9 par l\u2019\u00c9cole d\u2019Art de Beauvais (60)<\/p>\n<p style=\"text-align: justify;\">Participation aux plusieurs expositions collectives nationales et internationales<\/p>\n<p>Participation aux plusieurs symposiums, Lectures nationaux et internationaux<\/p>\n<p style=\"text-align: justify;\">\nPlusieurs R\u00e9alisations Monumentales depuis 1979 dont le dernier<br \/>\n2012 MUS\u00c9E NATIONAL DE LA PORCELAINE ADRIEN DUBOUCH\u00c9 \u00e0 LIMOGES (87)<br \/>\nDans le cadre de 1% artistique<br \/>\n\u201cune SUITE\u201d 600 \u201cbols\u201d en porcelaine \u00e9maill\u00e9e, deux \u201cnuages\u201d en gr\u00e8s \u00e9maill\u00e9, b\u00e9ton blanc<br \/>\nDimensions : 1,80 x 2,50 x 3,50 mh<br \/>\n\u0153uvre commune avec Jean-Pierre VIOT<\/p>\n<p style=\"text-align: justify;\"><strong>Bibliographies r\u00e9centes<\/strong><\/p>\n<p style=\"text-align: justify;\">&#8211; &lt; l\u2019atelier haguiko &amp; jean-pierre viot&gt; \u00c9dition ARgile collection \u201cateliers\u201d 2014 (ISBN 2-909758-30-3)<\/p>\n<p style=\"text-align: justify;\">&#8211; &lt; C C\u00c9RAMIQUES JAPONAISES CONTEMPORAINES&gt; Sophie CAVALIERO et Val\u00e9rie DOUNIAUX,<br \/>\n\u00e9dition IKI 2016 (pages 272-277, ISBN 979-10-95601-05-0)<\/p>\n<p style=\"text-align: justify;\"><strong>VID\u00c9OS<\/strong><\/p>\n<p style=\"text-align: justify;\">&#8211; TV5 MONDE VID\u00c9O ; Episode 25 mars 2011<\/p>\n<p style=\"text-align: justify;\">&#8211; \u00ab\u00a0Exposition HAD\u201c (Hier Aujourd&rsquo;hui Demain,54mns)<br \/>\n&lt;www.caisseepargne-art-contemporain.fr\/\/exposition pass\u00e9e\/\/2016\/\/HAD&gt;<br \/>\n\u00e9dit\u00e9 par La Fondation Ecureuil pour l\u2019art contemporain 2016<\/p>\n<p style=\"text-align: justify;\"><strong>COLLECTIONS PUBLIQUES (Nombreux achats publics par les F.R.A.C., Mus\u00e9es, extrait)<\/strong><\/p>\n<p style=\"text-align: justify;\">&#8211; F.R.A.C. LIMOUSIN<br \/>\n&#8211; F.R.A.C. BASSE NORMANDIE<br \/>\n&#8211; Mus\u00e9e de MACON<br \/>\n&#8211; Mus\u00e9e A.DUBOUCHER \u00e0 LIMOGES<br \/>\n&#8211; Mus\u00e9e de CHATEAUROUX<br \/>\n&#8211; Mus\u00e9e de LOUVAIN LA NEUVE (Belgique)<br \/>\n&#8211; Mus\u00e9e national de la c\u00e9ramiques \u00e0 S\u00c8VRES<br \/>\n&#8211; Mus\u00e9e des Beaux-Arts de MONS (Belgique)<br \/>\n&#8211; F.N.A.C. (Fond National d\u2019Art Contemporain)<br \/>\n&#8211; Commande publique sur le th\u00e8me des \u201cArts de la terre et du feu\u201d 2002<br \/>\n&#8211; Mus\u00e9e de la C\u00e9ramique Contemporaine fran\u00e7aise du FLICAM \u00e0 FUPING-SHAANXI (CHINE) 2006<br \/>\n&#8211; Mus\u00e9e des beaux-Arts de Lyon (collection MMe Meynet)<br \/>\n&#8211; Mus\u00e9e Grassi \u00e0 Leipzig en Hollande (collection Mme P. Verberne)<br \/>\n&#8211; Mus\u00e9e La Piscine ROUBAIX (F-57) \u00ab\u00a0Brikfeast 3 \u00ab\u00a0<\/p>\n<p style=\"text-align: justify;\"><strong>DISTINCTIONS<\/strong><\/p>\n<p style=\"text-align: justify;\">&#8211; Grand prix 2\u00e8me biennale de CHATEAUROUX (1983 )<br \/>\n&#8211; Bourse du Centre National des Arts Plastiques pour la Cr\u00e9ation industrielle (1986 )<br \/>\n&#8211; Prix du Minist\u00e8re de la Culture de Tunisie (1997 )<br \/>\n&#8211; Distinction \u201c Pour l\u2019intelligence de la main\u201d Prix Liliane Bettencourt (2002 )<\/p>\n<p style=\"text-align: justify;\"><strong>REALISATIONS AVEC LES INDUSTRIELS<\/strong><br \/>\n&#8211; Art de table (porcelaine de LIMOGES, Bourse de la Minist\u00e8re de la Communication)<br \/>\n&#8211; P\u00e8se-personnes (TEFAL)<br \/>\n&#8211; Art de table (porcelaine Yves DESHOULI\u00c8RES)<\/p>\n<p style=\"text-align: justify;\">Depuis 2005 Organisation \u00c9changes-Expositions C\u00e9ramique Contemporaine Franco-Japonaise<br \/>\n*1er \u00e9v\u00e9nement; novembre 2005, 26 c\u00e9ramistes japonais avec 13 c\u00e9ramistes fran\u00e7ais dans 7 villes et 9 lieux<br \/>\nau Japon. Ces expositions \u00e9taient toutes diff\u00e9rentes pour montrer la confrontation entre deux pays.<br \/>\n* 2\u00e8me \u00e9v\u00e8nement; mars 2007, 26 c\u00e9ramistes japonais \u00e0 Paris dans 5 lieux.<br \/>\n* 3\u00e8me \u00e9v\u00e8nement 2007 \u201cJapanese Cramics in Europa\u201d \u00e0 Deventer (NL)<\/p>\n<p style=\"text-align: justify;\"><strong><em>Pr\u00e9cision<br \/>\n<\/em><\/strong>Rigueur dans la conception, un rien de violence (contr\u00f4l\u00e9e). Une exigence de lenteur qui, en r\u00e9alit\u00e9, correspond \u00e0 une grande r\u00e9flexion. Chaque pi\u00e8ce d\u2019HAGUIKO passe par ses \u201cobligation\u201d de pratique et de rythme. Il reste (encore) beaucoup de Japon chez elle et c\u2019est tant mieux! <strong>Jean-Pierre VIOT<\/strong><\/p>\n<p style=\"text-align: justify;\"><strong>Invention d\u2019un espace m\u00e9taphorique<br \/>\n<\/strong>Architecte, ing\u00e9nieur, graphiste,designeur, c\u00e9ramiste, Haguiko, qui a mis le travail de la terre au centre de sa vie, ne serait-elle pas plust\u00f4t sculpteur?&#8230; Sculpteur \u00e0 la fa\u00e7on des artistes d\u2019aujourd\u2019hui, constructeurs, installateurs, metteurs en sc\u00e8ne&#8230;<br \/>\nOu plasticien? N\u2019est-ce pas le terme qui convient \u00e0 tous ces broyeurs de terre, malaxant une motte jusqu\u2019\u00e0 ce qu\u2019elle devienne souple dans la paume?&#8230; Le travail d\u2019Haguiko refl\u00e8te la plasticit\u00e9 originelle de l\u2019argile et ne cesse d\u2019en \u00e9prouver les m\u00e9tamorphoses.<br \/>\nSi autrefois l\u2019artiste d\u00e9taillait des blocs comme pour \u00e9difier un mur, si elle dessinait ces \u201cpierres\u201d de ha\u00efkus l\u00e9gers entraits cr\u00e9pitants sous l\u2019averse avec des lueurs d\u2019\u00e9mail roses ou jaunes&#8230; Si elle modelait grossi\u00e8rement des plaques en forme de bo\u00eetes \u00e0 panneau coulissant, grillag\u00e9es d\u2019ombres et de fum\u00e9es de graphies secr\u00e8tes&#8230; elle est pass\u00e9e aujourd\u2019hui du c\u00f4t\u00e9 de la d\u00e9construction&#8230;\/&#8230; <strong>(Extrait du catalogue du mus\u00e9e St Avit, \u00e9crit par Arianne Grenon, critique d\u2019art, 2006)<\/strong><\/p>\n<p>HAGUIKO c\u00e9ramiste-plasticienne<br \/>\n23, rue Blanche-Hottinguer 77600 Guermantes FRANCE<br \/>\nt\u00e9l: +33 (0)9 5389 3570 \/ +33 (0)6 1576 8070 , <a href=\"mailto:haguiko@free.fr\">haguiko@free.fr<\/a><\/p>\n<hr \/>\n<p style=\"text-align: justify;\"><strong>Cette artiste a particip\u00e9 rue Paul Fort \u00e0 :<br \/>\n<\/strong><br \/>\n<a href=\"http:\/\/www.19paulfort.com\/galerie\/index.php\/2019\/11\/13\/exposition-autour-du-japon-viii-du-25-nov-au-15-dec-2019\/\">&gt; L&rsquo;exposition autour du Japon VIII du 25 novembre au 15 d\u00e9cembre 2019<\/a><strong><br \/>\n<\/strong><\/p>\n<p style=\"text-align: justify;\"><a href=\"http:\/\/www.19paulfort.com\/galerie\/index.php\/2017\/04\/19\/exposition-le-jardin-de-bomarzo-du-4-au-21-mai-2017\/\">&gt; L&rsquo;exposition Le Jardin de Bomarzo du jeudi 4 mai au dimanche 21 mai 2017<\/a><\/p>\n<p style=\"text-align: justify;\"><a href=\"http:\/\/www.19paulfort.com\/galerie\/index.php\/2016\/06\/01\/exposition-au-dela-du-precieux-au-dela-des-mers-beyond-precious-beyond-the-oceans-sept-oct-2013\/\">&gt; L&rsquo;exposition \u00ab\u00a0Au-del\u00e0 du pr\u00e9cieux, au-del\u00e0 des mers\u00a0\u00bb en septembre octobre 2013 <\/a><\/p>\n<hr \/>\n<p style=\"text-align: justify;\"><strong>Photo\u00a0<\/strong><em><br \/>\n<img loading=\"lazy\" decoding=\"async\" class=\"aligncenter\" src=\"http:\/\/19paulfort.com\/images\/stories\/expositions\/Audeladesmers\/cetaitlete.jpg\" alt=\"\" width=\"466\" height=\"333\" border=\"0\" \/><\/em><\/p>\n<div id=\"ja-left\" class=\"column sidebar\">\n<div class=\"ja-colswrap clearfix ja-l1\">\n<div id=\"ja-left1\" class=\"ja-col column\">\n<div id=\"Mod1\" class=\"ja-moduletable moduletable_menu clearfix\">\n<div class=\"ja-box-ct clearfix\">\n<p style=\"text-align: justify;\"><b><i>\u00a0<\/i><\/b><\/p>\n<\/div>\n<\/div>\n<\/div>\n<\/div>\n<\/div>\n","protected":false},"excerpt":{"rendered":"<p>Haguiko C\u00e9ramiste &#8211; N\u00e9e en 1948 \u00e0 Saga (JAPON), vit et travaille en France depuis 1972 &#8211; Dipl\u00f4me d\u2019Architecture de l\u2019Universit\u00e9 de FUKUOKA (JAPON) &#8211; Dipl\u00f4me National Sup\u00e9rieur d&rsquo;\u00c9tudes Art Plastique (FRANCE) &#8211; 1991-1995 Professeur \u00e0 l\u2019\u00c9cole Sup\u00e9rieure des Beaux-Arts de MARSEILLE-LUMINY, (Espace-Design) &#8211; 2006-2011 Professeur \u00e0 l\u2019\u00c9cole Sup\u00e9rieure des M\u00e9tiers d\u2019Art d\u2019ARRAS ( 2006-2011&hellip;<a href=\"http:\/\/www.19paulfort.com\/galerie\/index.php\/2016\/06\/06\/haguiko\/\" class=\"more-link\">Continue reading <span class=\"screen-reader-text\">HAGUIKO &#8211;<\/span><\/a><\/p>\n","protected":false},"author":1,"featured_media":0,"comment_status":"closed","ping_status":"closed","sticky":false,"template":"","format":"standard","meta":{"footnotes":""},"categories":[18,31,20,19],"tags":[],"class_list":["post-750","post","type-post","status-publish","format-standard","hentry","category-artistes-invites","category-ceramistes-potiers-vanniers","category-par-nom","category-par-pratique-artistique"],"_links":{"self":[{"href":"http:\/\/www.19paulfort.com\/galerie\/index.php\/wp-json\/wp\/v2\/posts\/750","targetHints":{"allow":["GET"]}}],"collection":[{"href":"http:\/\/www.19paulfort.com\/galerie\/index.php\/wp-json\/wp\/v2\/posts"}],"about":[{"href":"http:\/\/www.19paulfort.com\/galerie\/index.php\/wp-json\/wp\/v2\/types\/post"}],"author":[{"embeddable":true,"href":"http:\/\/www.19paulfort.com\/galerie\/index.php\/wp-json\/wp\/v2\/users\/1"}],"replies":[{"embeddable":true,"href":"http:\/\/www.19paulfort.com\/galerie\/index.php\/wp-json\/wp\/v2\/comments?post=750"}],"version-history":[{"count":7,"href":"http:\/\/www.19paulfort.com\/galerie\/index.php\/wp-json\/wp\/v2\/posts\/750\/revisions"}],"predecessor-version":[{"id":8291,"href":"http:\/\/www.19paulfort.com\/galerie\/index.php\/wp-json\/wp\/v2\/posts\/750\/revisions\/8291"}],"wp:attachment":[{"href":"http:\/\/www.19paulfort.com\/galerie\/index.php\/wp-json\/wp\/v2\/media?parent=750"}],"wp:term":[{"taxonomy":"category","embeddable":true,"href":"http:\/\/www.19paulfort.com\/galerie\/index.php\/wp-json\/wp\/v2\/categories?post=750"},{"taxonomy":"post_tag","embeddable":true,"href":"http:\/\/www.19paulfort.com\/galerie\/index.php\/wp-json\/wp\/v2\/tags?post=750"}],"curies":[{"name":"wp","href":"https:\/\/api.w.org\/{rel}","templated":true}]}}