{"id":7693,"date":"2019-06-11T21:29:48","date_gmt":"2019-06-11T20:29:48","guid":{"rendered":"http:\/\/www.19paulfort.com\/galerie\/?p=7693"},"modified":"2024-09-20T20:23:56","modified_gmt":"2024-09-20T19:23:56","slug":"giepner-barbara","status":"publish","type":"post","link":"http:\/\/www.19paulfort.com\/galerie\/index.php\/2019\/06\/11\/giepner-barbara\/","title":{"rendered":"GIEPNER Barbara \u2022"},"content":{"rendered":"<p><img loading=\"lazy\" decoding=\"async\" class=\"aligncenter size-full wp-image-7800\" src=\"http:\/\/www.19paulfort.com\/galerie\/wp-content\/uploads\/2019\/06\/BarbaraGiepner-1.jpg\" alt=\"\" width=\"2144\" height=\"3590\" srcset=\"http:\/\/www.19paulfort.com\/galerie\/wp-content\/uploads\/2019\/06\/BarbaraGiepner-1.jpg 2144w, http:\/\/www.19paulfort.com\/galerie\/wp-content\/uploads\/2019\/06\/BarbaraGiepner-1-179x300.jpg 179w, http:\/\/www.19paulfort.com\/galerie\/wp-content\/uploads\/2019\/06\/BarbaraGiepner-1-768x1286.jpg 768w, http:\/\/www.19paulfort.com\/galerie\/wp-content\/uploads\/2019\/06\/BarbaraGiepner-1-612x1024.jpg 612w, http:\/\/www.19paulfort.com\/galerie\/wp-content\/uploads\/2019\/06\/BarbaraGiepner-1-750x1256.jpg 750w\" sizes=\"auto, (max-width: 2144px) 100vw, 2144px\" \/><\/p>\n<h1 style=\"text-align: justify;\">Barbara Giepner<\/h1>\n<p><strong>Alto, piano<\/strong><br \/>\n<strong>Soliste de l\u2019orchestre symphonique d\u2019Anvers<\/strong><\/p>\n<p style=\"text-align: justify;\">N\u00e9e en Allemagne, Barbara Giepner d\u00e9bute ses \u00e9tudes musicales avec le piano, avant de commencer le violon puis l\u2019alto. Au cours de sa formation d\u2019altiste, elle suit l\u2019enseignement d\u2019Emile Cantor, Matthias Buchholz et Jean Sulem. Apr\u00e8s avoir obtenu son dipl\u00f4me de master d\u2019alto au CNSMD de Paris (mention tr\u00e8s bien \u00e0 l\u2019unanimit\u00e9 avec les f\u00e9licitations du jury), elle y continue sa formation en troisi\u00e8me cycle (Dipl\u00f4me d\u2019Artiste Interpr\u00e8te).<br \/>\nElle est titulaire d\u2019un master de piano (mention outstanding) \u00e0 la Royal Academy de Londres, laur\u00e9ate du Concours Europ\u00e9en de Piano \u00e0 Br\u00eame, du concours Jugend musiziert dans les cat\u00e9gories piano solo, musique de chambre et violon solo ainsi que de l\u2019Acad\u00e9mie de Piano et d\u2019Alto de Daun. En trio avec sa soeur et son fr\u00e8re, elle est laur\u00e9ate \u00e0 deux reprises du concours international Charles Hennen. Ses partenaires de musique de chambre sont entre autres la violoncelliste Marie Ythier, le Quatuor Coryfeye et le Quatuor Pra\u017e\u00e1k. Passionn\u00e9e de musique contemporaine, elle participe en tant qu\u2019alto solo au Lucerne Festival Academy Orchestra dirig\u00e9 par Pierre Boulez en 2008, et elle joue r\u00e9guli\u00e8rement dans l\u2019Ensemble TM+. Son premier disque, Sph\u00e8re(s).., est consacr\u00e9 \u00e0 des \u0153uvres de Jean-S\u00e9bastien Bach, Garth Knox, Kaija Saariaho, ainsi qu\u2019\u00e0 plusieurs cr\u00e9ations.<br \/>\nDepuis 2011, elle r\u00e9ussit les concours de recrutement aux postes d\u2019alto co-solo du London Philharmonic Orchestra, de la Philhamonie Royale d\u2019Anvers et du BBC Philharmonic. Barbara Giepner est soutenue par l\u2019ADAMI.<\/p>\n<hr \/>\n<p><strong>Cette artiste a particip\u00e9 rue Paul Fort \u00e0 :<br \/>\n<\/strong>Un concert avec l\u2019ensemble S\u00e9same, le 29 septembre 2024<br \/>\n<a href=\"https:\/\/www.19paulfort.com\/galerie\/index.php\/2024\/09\/20\/concert-ensemble-sesame-29-septembre-2024\/\" target=\"_blank\" rel=\"noopener\">&gt; Lien vers le concert<\/a><em><br \/>\n<\/em>Deux concerts avec l&rsquo;ensemble S\u00e9same sur la musique de chambre de Maurice Ravel, les 22 juin et 22 septembre 2019)<br \/>\n&gt; <a href=\"http:\/\/www.19paulfort.com\/galerie\/index.php\/2019\/06\/11\/concert-lensemble-sesame-et-la-musique-de-chambre-de-maurice-ravel-22-juin-2019\/\">Lien vers les concerts<\/a><br \/>\nUn concert dans le cadre du \u00ab\u00a0Quatuor S\u00e9same\u00a0\u00bb, avec Olivier Manoury, le 4 novembre 2015<br \/>\n&gt; <a href=\"http:\/\/www.19paulfort.com\/galerie\/index.php\/2016\/05\/25\/concert-de-tango-du-classique-au-contemporain-olivier-manoury-et-le-quatuor-sesame-dans-le-cadre-de-lexposition-positif-exil-4-nov-2015\/\" target=\"_blank\" rel=\"noopener noreferrer\">Lien vers le concert<\/a><\/p>\n","protected":false},"excerpt":{"rendered":"<p>Barbara Giepner Alto, piano Soliste de l\u2019orchestre symphonique d\u2019Anvers N\u00e9e en Allemagne, Barbara Giepner d\u00e9bute ses \u00e9tudes musicales avec le piano, avant de commencer le violon puis l\u2019alto. Au cours de sa formation d\u2019altiste, elle suit l\u2019enseignement d\u2019Emile Cantor, Matthias Buchholz et Jean Sulem. Apr\u00e8s avoir obtenu son dipl\u00f4me de master d\u2019alto au CNSMD de&hellip;<a href=\"http:\/\/www.19paulfort.com\/galerie\/index.php\/2019\/06\/11\/giepner-barbara\/\" class=\"more-link\">Continue reading <span class=\"screen-reader-text\">GIEPNER Barbara \u2022<\/span><\/a><\/p>\n","protected":false},"author":1,"featured_media":0,"comment_status":"closed","ping_status":"closed","sticky":false,"template":"","format":"standard","meta":{"footnotes":""},"categories":[18,26,20,19],"tags":[],"class_list":["post-7693","post","type-post","status-publish","format-standard","hentry","category-artistes-invites","category-musiciens-compositeurs","category-par-nom","category-par-pratique-artistique"],"_links":{"self":[{"href":"http:\/\/www.19paulfort.com\/galerie\/index.php\/wp-json\/wp\/v2\/posts\/7693","targetHints":{"allow":["GET"]}}],"collection":[{"href":"http:\/\/www.19paulfort.com\/galerie\/index.php\/wp-json\/wp\/v2\/posts"}],"about":[{"href":"http:\/\/www.19paulfort.com\/galerie\/index.php\/wp-json\/wp\/v2\/types\/post"}],"author":[{"embeddable":true,"href":"http:\/\/www.19paulfort.com\/galerie\/index.php\/wp-json\/wp\/v2\/users\/1"}],"replies":[{"embeddable":true,"href":"http:\/\/www.19paulfort.com\/galerie\/index.php\/wp-json\/wp\/v2\/comments?post=7693"}],"version-history":[{"count":8,"href":"http:\/\/www.19paulfort.com\/galerie\/index.php\/wp-json\/wp\/v2\/posts\/7693\/revisions"}],"predecessor-version":[{"id":12098,"href":"http:\/\/www.19paulfort.com\/galerie\/index.php\/wp-json\/wp\/v2\/posts\/7693\/revisions\/12098"}],"wp:attachment":[{"href":"http:\/\/www.19paulfort.com\/galerie\/index.php\/wp-json\/wp\/v2\/media?parent=7693"}],"wp:term":[{"taxonomy":"category","embeddable":true,"href":"http:\/\/www.19paulfort.com\/galerie\/index.php\/wp-json\/wp\/v2\/categories?post=7693"},{"taxonomy":"post_tag","embeddable":true,"href":"http:\/\/www.19paulfort.com\/galerie\/index.php\/wp-json\/wp\/v2\/tags?post=7693"}],"curies":[{"name":"wp","href":"https:\/\/api.w.org\/{rel}","templated":true}]}}