{"id":7828,"date":"2019-07-18T09:21:20","date_gmt":"2019-07-18T08:21:20","guid":{"rendered":"http:\/\/www.19paulfort.com\/galerie\/?p=7828"},"modified":"2019-11-19T20:33:02","modified_gmt":"2019-11-19T19:33:02","slug":"giroud-nicole","status":"publish","type":"post","link":"http:\/\/www.19paulfort.com\/galerie\/index.php\/2019\/07\/18\/giroud-nicole\/","title":{"rendered":"GIROUD Nicole &#8211;"},"content":{"rendered":"<h1>Nicole Giroud<\/h1>\n<p><strong>Sculpteure c\u00e9ramiste<\/strong><\/p>\n<p style=\"text-align: justify;\">N\u00e9e le 18 d\u00e9cembre 1936 \u00e0 Belfort (Territoire-de-Belfort).<br \/>\nNicole Giroud a pass\u00e9 trois ans dans la section technique du lyc\u00e9e de S\u00e8vres pour y apprendre le dessin, avant de passer un an dans le m\u00eame lyc\u00e9e, dans l\u2019atelier de Fran\u00e7oise Bizette pour y apprendre la c\u00e9ramique architecturale. Enfin, elle a pass\u00e9 un an \u00e0 la manufacture de S\u00e8vres (o\u00f9 elle reviendra de 1984 \u00e0 1989 comme assistante pour participer \u00e0 l\u2019aventure de l\u2019atelier de recherche et de cr\u00e9ation, sous la direction de Georges Jeanclos).<br \/>\nEn 1962, elle a install\u00e9 son atelier \u00e0 Paris, rue de la Tombe-Issoire, o\u00f9 elle a men\u00e9 des recherches exigeantes et continues : dans les ann\u00e9es 1965-1975, elle a d\u2019abord r\u00e9alis\u00e9 des \u0153uvres monumentales dans le cadre du 1 %. Utilisant le gr\u00e8s, elle s\u2019est attach\u00e9e \u00e0 la g\u00e9om\u00e9trie des volumes. Puis, dans les ann\u00e9es 1970, elle a adopt\u00e9 la porcelaine, elle est essentiellement connue pour ses textiles-porcelaine suspendus, qui parviennent \u00e0 effacer l\u2019intervention de la main pour arracher la mati\u00e8re \u00e0 la pesanteur.<br \/>\nLes ann\u00e9es 1980 ont vu ses ambitions cro\u00eetre, puisqu\u2019elle a r\u00e9alis\u00e9 des installations qui traduisent une volont\u00e9 de faire vivre la mati\u00e8re pour lui permettre d&rsquo;exprimer tension et d\u00e9chirure.<br \/>\nDepuis 1985, Nicole Giroud a adopt\u00e9 d\u2019autres vocabulaires artistiques : le dessin, le bronze, le latex, le papier. Elle ne cherche pas \u00e0 repr\u00e9senter, mais \u00e0 traduire la nature profonde de l\u2019\u00eatre humain.<br \/>\nLes \u0153uvres de Nicole Giroud sont pr\u00e9sentes dans de tr\u00e8s nombreuses collections priv\u00e9es et publiques, internationalement.<\/p>\n<h5>COLLECTIONS PUBLIQUES<\/h5>\n<p style=\"padding-left: 80px;\">&#8211; Mus\u00e9e de Gdansk &#8211; Pologne<br \/>\n&#8211; Mus\u00e9e de Faenza &#8211; Italie<br \/>\n&#8211; Mus\u00e9e d&rsquo;Art Moderne de la Ville de Paris<br \/>\n&#8211; Mus\u00e9e de Peinture et Sculpture de Grenoble<br \/>\n&#8211; Mus\u00e9e des Arts D\u00e9coratifs de Paris<br \/>\n&#8211; Mus\u00e9e Ariana &#8211; Gen\u00e8ve<br \/>\n&#8211; FRAC Limousin\/ Mus\u00e9e Adrien Duboucher. Limoges<br \/>\n&#8211; FRAC Alsace<br \/>\n&#8211; Collection de l&rsquo;Etat Belge &#8211; Bruxelles<br \/>\n&#8211; Mus\u00e9e de Nyon-Lancaster &#8211; Suisse<br \/>\n&#8211; CNAP &#8211; Manufacture de S\u00e8vres<br \/>\n&#8211; Sc\u00e8ne Nationale de St Quentin en Yvelines<br \/>\n&#8211; Mus\u00e9e des Arts D\u00e9coratifs de Lausanne<br \/>\n&#8211; H\u00f4tel de Ville d&rsquo;Elancourt (Yvelines)<br \/>\n&#8211; Collectas Circle of the American Craft Museum &#8211; New York<br \/>\n&#8211; High School of Tajimy City (Japon)<br \/>\n&#8211; Mus\u00e9e National de C\u00e9ramique de S\u00e8vres.<\/p>\n<h5>COMMANDE PUBLIQUE<\/h5>\n<p style=\"padding-left: 80px;\">&#8211; Arts de la terre et du feu &#8211; CNAP &#8211; Minist\u00e8re de la Culture &#8211; Le vertige ou les forces vives<\/p>\n<hr \/>\n<p><strong>Cette artiste a particip\u00e9 19 rue Paul Fort \u00e0 :<\/strong><\/p>\n<p>&#8211; <a href=\"http:\/\/www.19paulfort.com\/galerie\/index.php\/2019\/09\/07\/exposition-en-quete-de-linsaisissable-25-septembre-20-octobre-2019\/\">L&rsquo;exposition \u00ab\u00a0En qu\u00eate de l&rsquo;insaisissable\u00a0\u00bb du 25 septembre au 20 octobre 2019<\/a><\/p>\n<p><img loading=\"lazy\" decoding=\"async\" class=\"aligncenter size-full wp-image-7826\" src=\"http:\/\/www.19paulfort.com\/galerie\/wp-content\/uploads\/2019\/07\/Giroud.jpg\" alt=\"\" width=\"1240\" height=\"1753\" srcset=\"http:\/\/www.19paulfort.com\/galerie\/wp-content\/uploads\/2019\/07\/Giroud.jpg 1240w, http:\/\/www.19paulfort.com\/galerie\/wp-content\/uploads\/2019\/07\/Giroud-212x300.jpg 212w, http:\/\/www.19paulfort.com\/galerie\/wp-content\/uploads\/2019\/07\/Giroud-768x1086.jpg 768w, http:\/\/www.19paulfort.com\/galerie\/wp-content\/uploads\/2019\/07\/Giroud-724x1024.jpg 724w, http:\/\/www.19paulfort.com\/galerie\/wp-content\/uploads\/2019\/07\/Giroud-750x1060.jpg 750w\" sizes=\"auto, (max-width: 1240px) 100vw, 1240px\" \/><\/p>\n","protected":false},"excerpt":{"rendered":"<p>Nicole Giroud Sculpteure c\u00e9ramiste N\u00e9e le 18 d\u00e9cembre 1936 \u00e0 Belfort (Territoire-de-Belfort). Nicole Giroud a pass\u00e9 trois ans dans la section technique du lyc\u00e9e de S\u00e8vres pour y apprendre le dessin, avant de passer un an dans le m\u00eame lyc\u00e9e, dans l\u2019atelier de Fran\u00e7oise Bizette pour y apprendre la c\u00e9ramique architecturale. Enfin, elle a pass\u00e9&hellip;<a href=\"http:\/\/www.19paulfort.com\/galerie\/index.php\/2019\/07\/18\/giroud-nicole\/\" class=\"more-link\">Continue reading <span class=\"screen-reader-text\">GIROUD Nicole &#8211;<\/span><\/a><\/p>\n","protected":false},"author":1,"featured_media":0,"comment_status":"closed","ping_status":"closed","sticky":false,"template":"","format":"standard","meta":{"footnotes":""},"categories":[18,31,20,19,22],"tags":[],"class_list":["post-7828","post","type-post","status-publish","format-standard","hentry","category-artistes-invites","category-ceramistes-potiers-vanniers","category-par-nom","category-par-pratique-artistique","category-sculpteurs"],"_links":{"self":[{"href":"http:\/\/www.19paulfort.com\/galerie\/index.php\/wp-json\/wp\/v2\/posts\/7828","targetHints":{"allow":["GET"]}}],"collection":[{"href":"http:\/\/www.19paulfort.com\/galerie\/index.php\/wp-json\/wp\/v2\/posts"}],"about":[{"href":"http:\/\/www.19paulfort.com\/galerie\/index.php\/wp-json\/wp\/v2\/types\/post"}],"author":[{"embeddable":true,"href":"http:\/\/www.19paulfort.com\/galerie\/index.php\/wp-json\/wp\/v2\/users\/1"}],"replies":[{"embeddable":true,"href":"http:\/\/www.19paulfort.com\/galerie\/index.php\/wp-json\/wp\/v2\/comments?post=7828"}],"version-history":[{"count":8,"href":"http:\/\/www.19paulfort.com\/galerie\/index.php\/wp-json\/wp\/v2\/posts\/7828\/revisions"}],"predecessor-version":[{"id":8321,"href":"http:\/\/www.19paulfort.com\/galerie\/index.php\/wp-json\/wp\/v2\/posts\/7828\/revisions\/8321"}],"wp:attachment":[{"href":"http:\/\/www.19paulfort.com\/galerie\/index.php\/wp-json\/wp\/v2\/media?parent=7828"}],"wp:term":[{"taxonomy":"category","embeddable":true,"href":"http:\/\/www.19paulfort.com\/galerie\/index.php\/wp-json\/wp\/v2\/categories?post=7828"},{"taxonomy":"post_tag","embeddable":true,"href":"http:\/\/www.19paulfort.com\/galerie\/index.php\/wp-json\/wp\/v2\/tags?post=7828"}],"curies":[{"name":"wp","href":"https:\/\/api.w.org\/{rel}","templated":true}]}}