{"id":810,"date":"2016-06-07T08:42:43","date_gmt":"2016-06-07T07:42:43","guid":{"rendered":"http:\/\/www.19paulfort.com\/galerie\/?p=810"},"modified":"2016-10-06T10:28:38","modified_gmt":"2016-10-06T09:28:38","slug":"fritsch-karl","status":"publish","type":"post","link":"http:\/\/www.19paulfort.com\/galerie\/index.php\/2016\/06\/07\/fritsch-karl\/","title":{"rendered":"FRITSCH Karl \u2022"},"content":{"rendered":"<p><img loading=\"lazy\" decoding=\"async\" class=\"aligncenter\" src=\"http:\/\/19paulfort.com\/images\/stories\/expositions\/Audeladesmers\/NlleZELANDE\/FRITSCH\/Portrait%20KarlNZL_0843.jpg\" alt=\"\" width=\"415\" height=\"628\" border=\"0\" \/><\/p>\n<h1>Karl Fritsch<\/h1>\n<p><strong>Cr\u00e9ateur de bijoux<\/strong><\/p>\n<p style=\"text-align: justify;\">Born (1963) in Sonthofen, Germany ; lives and works (from 2010) in Wellington, New Zealand.<\/p>\n<p style=\"text-align: justify;\"><strong>Education<\/strong><\/p>\n<p style=\"text-align: justify;\">1982-85<br \/>\nGoldsmiths school in Pforzheim<\/p>\n<p style=\"text-align: justify;\">1985-87<br \/>\nWorked for the firm C. Neusser in Pforzheim<\/p>\n<p style=\"text-align: justify;\">1987-94<br \/>\nAcademy of Fine Arts in Munich under Prof. Hermann J\u00fcnger and Prof. Otto K\u00fcnzli.<\/p>\n<p style=\"text-align: justify;\">1994-09<br \/>\nWorkshop in Munich<\/p>\n<p style=\"text-align: justify;\">2012<br \/>\nAdjunct Professor of Royal Melbourne Institute of Technologie (RMIT)<\/p>\n<p>Awards<\/p>\n<p style=\"text-align: justify;\">1985<br \/>\nPreis der Goldschmiedeschule Pforzheim<\/p>\n<p style=\"text-align: justify;\">1992<br \/>\nBelobigung des Verbandes der Deutschen Schmuck- und Silberwarenindustrie.<\/p>\n<p style=\"text-align: justify;\">1992<br \/>\nStipendium der Jubil\u00e4umsstiftung der Landeshauptstadt M\u00fcnchen.<\/p>\n<p style=\"text-align: justify;\">1995<br \/>\nHerbert-Hoffmann-Ged\u00e4chtnispreis, Internationale Handwerksmesse M\u00fcnchen. Postgraduiertenstipendium der Akademie der Bildenden K\u00fcnste, M\u00fcnchen.<br \/>\nProjektstipendium der Stadt M\u00fcnchen<\/p>\n<p style=\"text-align: justify;\">1996<br \/>\nF\u00f6rderpreis f\u00fcr angewandte Kunst der Landeshauptstadt M\u00fcnchen.<br \/>\nStadtgoldschmied der Stadt Erfurt<\/p>\n<p style=\"text-align: justify;\">1997<br \/>\nProjektstipendium des Deutschen Museums, M\u00fcnchen.<\/p>\n<p style=\"text-align: justify;\">1999<br \/>\nProjektstipendium der Stadt Erfurt : Arche Noah Projekt.<br \/>\nF\u00f6rderpreis 99 des F\u00f6rderkreises Bildende Kunst in N\u00fcrnberg e.V.<\/p>\n<p>2000<br \/>\nGoldstipendium der Firma C. Hafner, Pforzheim.<br \/>\nStaatlicher F\u00f6rderungspreis f\u00fcr junge K\u00fcnstlerinnen und K\u00fcnstler, M\u00fcnchen.<\/p>\n<p><strong>Works in Public collections<\/strong><\/p>\n<p>CZ<br \/>\nSchmuck und Edelstein Museum, Turnov<\/p>\n<p>France<br \/>\nEspace Solidor, Haut-de-Cagnes<\/p>\n<p>GB<br \/>\nVictoria and Albert Museum, London ; Royal College of Art, London;<\/p>\n<p>Nederlands<br \/>\nStedelijk Museum, Amsterdam; Stedelijk Museum\u00b4s Hertogenbosch<\/p>\n<p>Suisse<br \/>\nMudac, Musee de Design et \u00c0rts Appliques Contemporains, Lausanne; Alice und Louis Koch Kollektion, Schweiz.<\/p>\n<p>Germany<br \/>\nDanner-rotunde, Pinakothek der Moderne, M\u00fcnchen ; Museum f\u00fcr Kunst und Gewerbe, Hamburg ; Schmuck Museum Pforzheim; Schmuck Museum Pforzheim.<\/p>\n<p>Italie<br \/>\nMuseo Del Gioello d\u00c1utore, Padua<\/p>\n<p>Japan<br \/>\nThe Hiko Mizuno Collection, Tokio<\/p>\n<p>New Zealand<br \/>\nAuckland Museum, Auckland; Te Papa National Museum , Wellington<\/p>\n<p>USA<br \/>\nThe Helen Drutt Collection, Philadelphia.<\/p>\n<p><strong>Karl Fritsch statement<\/strong><\/p>\n<p style=\"text-align: justify;\"><em>Now I&rsquo;d like to just chisel a ring out of a 2-3 kg block of gold.<\/em><\/p>\n<p style=\"text-align: justify;\"><em>Maintenant, je voudrais juste ciseler une bague \u00e0 partir d\u2019un bloc de 2 \u00e0 3 kg d&rsquo;or.\u00a0<\/em><\/p>\n<hr \/>\n<p><strong><em>Cet artiste a particip\u00e9 rue Paul Fort \u00e0 :<\/em><\/strong><\/p>\n<p>L&rsquo;exposition \u00ab\u00a0Au-del\u00e0 du pr\u00e9cieux, au-del\u00e0 des mers\u00a0\u00bb\u00a0en septembre octobre 2013<\/p>\n<p><a href=\"http:\/\/www.19paulfort.com\/galerie\/index.php\/2016\/06\/01\/exposition-au-dela-du-precieux-au-dela-des-mers-beyond-precious-beyond-the-oceans-sept-oct-2013\/\">&gt;\u00a0Lien vers l&rsquo;exposition<\/a><\/p>\n<hr \/>\n<p><strong>Photos<\/strong><\/p>\n<p><em><img loading=\"lazy\" decoding=\"async\" class=\"aligncenter\" src=\"http:\/\/19paulfort.com\/images\/stories\/expositions\/Audeladesmers\/NlleZELANDE\/FRITSCH\/8%20bagues%20aux%20doigtsP1120261.jpg\" alt=\"\" width=\"485\" height=\"364\" border=\"0\" \/><\/em><\/p>\n<p><img loading=\"lazy\" decoding=\"async\" class=\"aligncenter\" src=\"http:\/\/19paulfort.com\/images\/stories\/expositions\/Audeladesmers\/NlleZELANDE\/FRITSCH\/IMG_2943.jpg\" alt=\"\" width=\"485\" height=\"729\" border=\"0\" \/><\/p>\n<h6>silver, diamonds with black inclusions &#8211; 2013<br \/>\nargent, diamants, avec des inclusions noires &#8211; 2013<\/h6>\n<h6><img loading=\"lazy\" decoding=\"async\" class=\"aligncenter\" src=\"http:\/\/19paulfort.com\/images\/stories\/expositions\/Audeladesmers\/NlleZELANDE\/FRITSCH\/IMG_2965.jpg\" alt=\"\" width=\"487\" height=\"732\" border=\"0\" \/><br \/>\n<em>silver, copper, brass, cubic zirkonia &#8211; 2013<br \/>\nargent, cuivre, laiton, zircon cubique &#8211; 2013<\/em><\/h6>\n<h6><img loading=\"lazy\" decoding=\"async\" class=\"aligncenter\" src=\"http:\/\/19paulfort.com\/images\/stories\/expositions\/Audeladesmers\/NlleZELANDE\/FRITSCH\/IMG_3381.jpg\" alt=\"\" width=\"492\" height=\"738\" border=\"0\" \/><br \/>\n<em>silver, steel &#8211; 2013<br \/>\nacier, argent &#8211; 2013<br \/>\n<img loading=\"lazy\" decoding=\"async\" class=\"aligncenter\" src=\"http:\/\/19paulfort.com\/images\/stories\/expositions\/Audeladesmers\/NlleZELANDE\/FRITSCH\/P1120272a.jpg\" alt=\"\" width=\"493\" height=\"369\" border=\"0\" \/><br \/>\n<img loading=\"lazy\" decoding=\"async\" class=\"aligncenter\" src=\"http:\/\/19paulfort.com\/images\/stories\/expositions\/Audeladesmers\/NlleZELANDE\/FRITSCH\/P1120323a.jpg\" alt=\"\" width=\"493\" height=\"369\" border=\"0\" \/><\/em><\/h6>\n","protected":false},"excerpt":{"rendered":"<p>Karl Fritsch Cr\u00e9ateur de bijoux Born (1963) in Sonthofen, Germany ; lives and works (from 2010) in Wellington, New Zealand. Education 1982-85 Goldsmiths school in Pforzheim 1985-87 Worked for the firm C. Neusser in Pforzheim 1987-94 Academy of Fine Arts in Munich under Prof. Hermann J\u00fcnger and Prof. Otto K\u00fcnzli. 1994-09 Workshop in Munich 2012&hellip;<a href=\"http:\/\/www.19paulfort.com\/galerie\/index.php\/2016\/06\/07\/fritsch-karl\/\" class=\"more-link\">Continue reading <span class=\"screen-reader-text\">FRITSCH Karl \u2022<\/span><\/a><\/p>\n","protected":false},"author":1,"featured_media":0,"comment_status":"closed","ping_status":"closed","sticky":false,"template":"","format":"standard","meta":{"footnotes":""},"categories":[18,30,20,19],"tags":[],"class_list":["post-810","post","type-post","status-publish","format-standard","hentry","category-artistes-invites","category-createurs-de-bijoux","category-par-nom","category-par-pratique-artistique"],"_links":{"self":[{"href":"http:\/\/www.19paulfort.com\/galerie\/index.php\/wp-json\/wp\/v2\/posts\/810","targetHints":{"allow":["GET"]}}],"collection":[{"href":"http:\/\/www.19paulfort.com\/galerie\/index.php\/wp-json\/wp\/v2\/posts"}],"about":[{"href":"http:\/\/www.19paulfort.com\/galerie\/index.php\/wp-json\/wp\/v2\/types\/post"}],"author":[{"embeddable":true,"href":"http:\/\/www.19paulfort.com\/galerie\/index.php\/wp-json\/wp\/v2\/users\/1"}],"replies":[{"embeddable":true,"href":"http:\/\/www.19paulfort.com\/galerie\/index.php\/wp-json\/wp\/v2\/comments?post=810"}],"version-history":[{"count":4,"href":"http:\/\/www.19paulfort.com\/galerie\/index.php\/wp-json\/wp\/v2\/posts\/810\/revisions"}],"predecessor-version":[{"id":3912,"href":"http:\/\/www.19paulfort.com\/galerie\/index.php\/wp-json\/wp\/v2\/posts\/810\/revisions\/3912"}],"wp:attachment":[{"href":"http:\/\/www.19paulfort.com\/galerie\/index.php\/wp-json\/wp\/v2\/media?parent=810"}],"wp:term":[{"taxonomy":"category","embeddable":true,"href":"http:\/\/www.19paulfort.com\/galerie\/index.php\/wp-json\/wp\/v2\/categories?post=810"},{"taxonomy":"post_tag","embeddable":true,"href":"http:\/\/www.19paulfort.com\/galerie\/index.php\/wp-json\/wp\/v2\/tags?post=810"}],"curies":[{"name":"wp","href":"https:\/\/api.w.org\/{rel}","templated":true}]}}