{"id":8202,"date":"2019-11-13T15:10:57","date_gmt":"2019-11-13T14:10:57","guid":{"rendered":"http:\/\/www.19paulfort.com\/galerie\/?p=8202"},"modified":"2022-11-29T10:57:40","modified_gmt":"2022-11-29T09:57:40","slug":"schambacher-martine","status":"publish","type":"post","link":"http:\/\/www.19paulfort.com\/galerie\/index.php\/2019\/11\/13\/schambacher-martine\/","title":{"rendered":"SCHAMBACHER Martine &#8211;"},"content":{"rendered":"<h1><strong>Martine Schambacher<\/strong><\/h1>\n<p><strong>Actrice<\/strong><\/p>\n<figure id=\"attachment_8214\" aria-describedby=\"caption-attachment-8214\" style=\"width: 276px\" class=\"wp-caption alignleft\"><img loading=\"lazy\" decoding=\"async\" class=\"size-full wp-image-8214\" src=\"http:\/\/www.19paulfort.com\/galerie\/wp-content\/uploads\/2019\/11\/IMG_0941.jpeg\" alt=\"\" width=\"276\" height=\"320\" srcset=\"http:\/\/www.19paulfort.com\/galerie\/wp-content\/uploads\/2019\/11\/IMG_0941.jpeg 276w, http:\/\/www.19paulfort.com\/galerie\/wp-content\/uploads\/2019\/11\/IMG_0941-259x300.jpeg 259w\" sizes=\"auto, (max-width: 276px) 100vw, 276px\" \/><figcaption id=\"caption-attachment-8214\" class=\"wp-caption-text\">Martine SCHAMBACHER<\/figcaption><\/figure>\n<p style=\"text-align: justify;\">Scolarit\u00e9 et maturit\u00e9 \u00e0 Gen\u00e8ve (Suisse), puis formation sup\u00e9rieure \u00e0 L\u2019\u00e9cole du Th\u00e9\u00e2tre National de Strasbourg. A travaill\u00e9 depuis au th\u00e9\u00e2tre, notamment avec Jean-Paul Wenzel, Jean-Louis Hourdin, Jean-Louis Matinelli, Matthias Langhoff, Jo\u00eal Jouanneau, Jacques Nichet, Beno\u00cet Lambert (<em>Que faire &#8211; le retour, Tartuffe<\/em>), Ir\u00e8ne Bonnaud (<em>La Charrue et les Etoiles, Music Hall 56<\/em>) et derni\u00e8re cr\u00e9ation au Festival d\u2019Avignon 201 . <em>Amiti\u00e9 montage Pasolini\/De Filippo<\/em>, en tourn\u00e9e cette saison en France.<br \/>\nAu cin\u00e9ma elle a notamment travaill\u00e9 avec Romain Goupil, J-P. Am\u00e9ris, Marc Fitoussi, Julien Rappeneau, Fran\u00e7ois Ozon, Markus Schleinzer, Gr\u00e9gory Magne, Gilles Legrand. Elle travaille \u00e9galement pour des fictions radiophoniques pour France Culture, avec Laure Egoroff, Sophie Aude Picon-Vallin, Michel Sidoroff, C\u00e9dric Aussir, et Christophe Hocke.<\/p>\n<hr \/>\n<p><strong>Cet artiste a particip\u00e9 au 19PaulFoRt \u00e0 :<br \/>\n<\/strong>&gt; <a href=\"http:\/\/www.19paulfort.com\/galerie\/index.php\/2019\/11\/13\/spectacle-musical-claude-debussy-regard-de-femmes-30-nov-2019\/\">Un spectacle musical, <em>Claude Debussy, Regard de femme<\/em>s, le 30 novembre 2019.<\/a><br \/>\n&gt; <a href=\"http:\/\/www.19paulfort.com\/galerie\/index.php\/2018\/04\/07\/theatre-francis-bacon-ou-la-gloire-dun-insoumis-12-avril-2018\/\"><em>Francis Bacon ou La Gloire d&rsquo;un Insoumis,<\/em> pi\u00e8ce d&rsquo;Antoine Merlino, le 12 avril 2018<\/a><br \/>\n&gt; <a href=\"http:\/\/www.19paulfort.com\/galerie\/index.php\/2016\/06\/01\/giacometti-portrait-de-james-lord-avec-philippe-mercier-suwom-kim-et-anne-le-guernec-28-mai-2013\/\">Concert \u00ab\u00a0Giacometti, portrait de James Lord\u00a0\u00bb, en juin 2013<\/a><\/p>\n","protected":false},"excerpt":{"rendered":"<p>Martine Schambacher Actrice Scolarit\u00e9 et maturit\u00e9 \u00e0 Gen\u00e8ve (Suisse), puis formation sup\u00e9rieure \u00e0 L\u2019\u00e9cole du Th\u00e9\u00e2tre National de Strasbourg. A travaill\u00e9 depuis au th\u00e9\u00e2tre, notamment avec Jean-Paul Wenzel, Jean-Louis Hourdin, Jean-Louis Matinelli, Matthias Langhoff, Jo\u00eal Jouanneau, Jacques Nichet, Beno\u00cet Lambert (Que faire &#8211; le retour, Tartuffe), Ir\u00e8ne Bonnaud (La Charrue et les Etoiles, Music Hall&hellip;<a href=\"http:\/\/www.19paulfort.com\/galerie\/index.php\/2019\/11\/13\/schambacher-martine\/\" class=\"more-link\">Continue reading <span class=\"screen-reader-text\">SCHAMBACHER Martine &#8211;<\/span><\/a><\/p>\n","protected":false},"author":1,"featured_media":0,"comment_status":"closed","ping_status":"closed","sticky":false,"template":"","format":"standard","meta":{"footnotes":""},"categories":[35,18,20,19],"tags":[],"class_list":["post-8202","post","type-post","status-publish","format-standard","hentry","category-acteurs-mise-en-scene","category-artistes-invites","category-par-nom","category-par-pratique-artistique"],"_links":{"self":[{"href":"http:\/\/www.19paulfort.com\/galerie\/index.php\/wp-json\/wp\/v2\/posts\/8202","targetHints":{"allow":["GET"]}}],"collection":[{"href":"http:\/\/www.19paulfort.com\/galerie\/index.php\/wp-json\/wp\/v2\/posts"}],"about":[{"href":"http:\/\/www.19paulfort.com\/galerie\/index.php\/wp-json\/wp\/v2\/types\/post"}],"author":[{"embeddable":true,"href":"http:\/\/www.19paulfort.com\/galerie\/index.php\/wp-json\/wp\/v2\/users\/1"}],"replies":[{"embeddable":true,"href":"http:\/\/www.19paulfort.com\/galerie\/index.php\/wp-json\/wp\/v2\/comments?post=8202"}],"version-history":[{"count":5,"href":"http:\/\/www.19paulfort.com\/galerie\/index.php\/wp-json\/wp\/v2\/posts\/8202\/revisions"}],"predecessor-version":[{"id":10684,"href":"http:\/\/www.19paulfort.com\/galerie\/index.php\/wp-json\/wp\/v2\/posts\/8202\/revisions\/10684"}],"wp:attachment":[{"href":"http:\/\/www.19paulfort.com\/galerie\/index.php\/wp-json\/wp\/v2\/media?parent=8202"}],"wp:term":[{"taxonomy":"category","embeddable":true,"href":"http:\/\/www.19paulfort.com\/galerie\/index.php\/wp-json\/wp\/v2\/categories?post=8202"},{"taxonomy":"post_tag","embeddable":true,"href":"http:\/\/www.19paulfort.com\/galerie\/index.php\/wp-json\/wp\/v2\/tags?post=8202"}],"curies":[{"name":"wp","href":"https:\/\/api.w.org\/{rel}","templated":true}]}}