{"id":8395,"date":"2020-01-08T15:22:56","date_gmt":"2020-01-08T14:22:56","guid":{"rendered":"http:\/\/www.19paulfort.com\/galerie\/?p=8395"},"modified":"2025-03-01T08:49:15","modified_gmt":"2025-03-01T07:49:15","slug":"concert-trio-g-cleaver-m-maneri-j-leandre-25-janvier-2020","status":"publish","type":"post","link":"http:\/\/www.19paulfort.com\/galerie\/index.php\/2020\/01\/08\/concert-trio-g-cleaver-m-maneri-j-leandre-25-janvier-2020\/","title":{"rendered":"01 &#8211; 25 janvier &#8211; Concert &#8211; Trio J. L\u00e9andre, G. Cleaver, M. Maneri"},"content":{"rendered":"<figure id=\"attachment_8519\" aria-describedby=\"caption-attachment-8519\" style=\"width: 567px\" class=\"wp-caption aligncenter\"><img loading=\"lazy\" decoding=\"async\" class=\"wp-image-8519 size-full\" src=\"http:\/\/www.19paulfort.com\/galerie\/wp-content\/uploads\/2020\/01\/LeandreCleaverManeri.jpg\" alt=\"\" width=\"567\" height=\"805\" srcset=\"http:\/\/www.19paulfort.com\/galerie\/wp-content\/uploads\/2020\/01\/LeandreCleaverManeri.jpg 567w, http:\/\/www.19paulfort.com\/galerie\/wp-content\/uploads\/2020\/01\/LeandreCleaverManeri-211x300.jpg 211w\" sizes=\"auto, (max-width: 567px) 100vw, 567px\" \/><figcaption id=\"caption-attachment-8519\" class=\"wp-caption-text\">De g. \u00e0 d. Gerald Cleaver, Jo\u00eblle L\u00e9andre, Mat Maneri<\/figcaption><\/figure>\n<h1>Trio<\/h1>\n<p>Jo\u00eblle L\u00e9andre<\/p>\n<p><strong>Contrebasse<\/strong><\/p>\n<h1>Gerald Cleaver<\/h1>\n<p><strong>Batterie<\/strong><\/p>\n<h1>Mat Maneri<\/h1>\n<p><strong>Violon\/alto<\/strong><\/p>\n<p><strong>25 janvier 2020<\/strong><\/p>\n<p><a href=\"http:\/\/www.19paulfort.com\/galerie\/index.php\/2016\/05\/25\/leandre-joelle\/\">Jo\u00eblle L\u00e9andre<\/a> et la contrebasse c\u2019est fusionnel. Toutes deux, L\u00e9andre et contrebasse, ont parcouru le monde, en jazz, en musique contemporaine, en Jo\u00eblle L\u00e9andre. Son jeu et sa musique sont une des plus belles r\u00e9ussites issues du mouvement progressif post-68 en double entr\u00e9e free-jazz \/ musique contemporaine. <strong>Jean-Marc Warszawski, 30 juin 2019<\/strong><\/p>\n<p style=\"text-align: justify;\">\u00abLa virtuosit\u00e9 de <a href=\"http:\/\/www.19paulfort.com\/galerie\/index.php\/2020\/01\/08\/maneri-mat\/\">Maneri<\/a> est partout apparente &#8211; dans sa belle ma\u00eetrise du ton, dans les d\u00e9tails instantan\u00e9s qui se d\u00e9roulent dans son jeu, dans l&rsquo;int\u00e9grit\u00e9 de la composition de chacune de ses pi\u00e8ces, dans ce que les artistes visuels pourraient appeler la vari\u00e9t\u00e9 de sa &lsquo;marque -making &lsquo;: pistes de plusieurs notes spidery, doubles arr\u00eats rythm\u00e9s, d\u00e9calages dynamiques subtils et dramatiques.\u201d<\/p>\n<p style=\"text-align: justify;\">\u00ab <a href=\"http:\/\/www.19paulfort.com\/galerie\/index.php\/2016\/09\/20\/cleavers-gerald\/\">Cleaver<\/a> joue avec le genre de finesse et de subtilit\u00e9 que l&rsquo;on associe \u00e0 un instrument \u00e0 cordes, diminuant litt\u00e9ralement la percussion de son kit. Il ne frappe pas les rythmes, mais touche des accents subtils.\u00bb<\/p>\n<p style=\"text-align: justify;\">Apr\u00e8s avoir \u00e9tabli sa carri\u00e8re musicale classique \u00e0 Paris, <a href=\"http:\/\/www.19paulfort.com\/galerie\/index.php\/2016\/05\/25\/leandre-joelle\/\">Jo\u00eblle L\u00e9andre<\/a> a fr\u00e9quent\u00e9 le <em>Center for Creative and Performing Arts<\/em> de Buffalo, NY, se familiarisant ainsi avec les courants de la musique improvis\u00e9e et al\u00e9atoire r\u00e9pandue dans le nord de l&rsquo;\u00c9tat de New York et \u00e0 proximit\u00e9. L\u00e9andre est arriv\u00e9e aux \u00c9tats-Unis en 1976, et c&rsquo;est pendant ce s\u00e9jour que la contrebassiste s&rsquo;est affranchie des conventions de la musique europ\u00e9enne dite classique. Elle y a d\u00e9velopp\u00e9 concepts et id\u00e9es \u00e0 la base de la musique \u00ab libre \u00bb en Europe.<br \/>\nAu fil des ann\u00e9es, L\u00e9andre s&rsquo;est produite avec un petit nombre de batteurs. Elle dit de<a href=\"http:\/\/www.19paulfort.com\/galerie\/index.php\/2016\/09\/20\/cleavers-gerald\/\"> Gerald Cleaver<\/a> : \u00ab\u00a0C&rsquo;est un grand musicien qui \u00e9coute si bien ,et est tr\u00e8s sensible dans son jeu\u00a0\u00bb. L&rsquo;ajout de l&rsquo;altiste <a href=\"http:\/\/www.19paulfort.com\/galerie\/index.php\/2020\/01\/08\/maneri-mat\/\">Mat Maneri<\/a> red\u00e9finit les param\u00e8tres d&rsquo;un groupe de jazz de chambre. Cleaver qui a travaill\u00e9 avec des stylistes allant du saxophoniste Tim Berne au bassiste William Parker joue avec le genre de finesse et de subtilit\u00e9 que l&rsquo;on associe \u00e0 un instrument \u00e0 cordes, diminuant litt\u00e9ralement la percussion de son kit. Il ne frappe pas les rythmes, mais touche des accents subtils.<br \/>\nCleaver et Maneri enregistrent ensemble depuis des ann\u00e9es, tandis que Maneri, tout en pr\u00eatant ses comp\u00e9tences \u00e0 un groupe dirig\u00e9 par le pianiste Matthew Shipp et le saxophoniste Ivo Perelman, entre autres, a enregistr\u00e9 pour la premi\u00e8re fois avec L\u00e9andre en 2001. L&rsquo;ensemble prouve davantage que la coop\u00e9ration franco-am\u00e9ricaine est toujours primordiale, du moins dans les forums musicaux. De plus, les morceaux offrent une affirmation plus explosive de l&rsquo;adaptabilit\u00e9 de L\u00e9andre lors de l&rsquo;ex\u00e9cution dans presque toutes les circonstances sonores.<\/p>\n<p style=\"text-align: right;\">Ken Waxman (<a href=\"http:\/\/www.jazzword.com\" target=\"_blank\" rel=\"noopener noreferrer\">www.jazzword.com<\/a>) Toronto, septembre 2016<\/p>\n<p><img loading=\"lazy\" decoding=\"async\" class=\"aligncenter size-large wp-image-8441\" src=\"http:\/\/www.19paulfort.com\/galerie\/wp-content\/uploads\/2020\/01\/1LEANDRE-CLEAVER-MANERI-724x1024.jpg\" alt=\"\" width=\"724\" height=\"1024\" srcset=\"http:\/\/www.19paulfort.com\/galerie\/wp-content\/uploads\/2020\/01\/1LEANDRE-CLEAVER-MANERI-724x1024.jpg 724w, http:\/\/www.19paulfort.com\/galerie\/wp-content\/uploads\/2020\/01\/1LEANDRE-CLEAVER-MANERI-212x300.jpg 212w, http:\/\/www.19paulfort.com\/galerie\/wp-content\/uploads\/2020\/01\/1LEANDRE-CLEAVER-MANERI-768x1086.jpg 768w, http:\/\/www.19paulfort.com\/galerie\/wp-content\/uploads\/2020\/01\/1LEANDRE-CLEAVER-MANERI-1087x1536.jpg 1087w, http:\/\/www.19paulfort.com\/galerie\/wp-content\/uploads\/2020\/01\/1LEANDRE-CLEAVER-MANERI-750x1060.jpg 750w, http:\/\/www.19paulfort.com\/galerie\/wp-content\/uploads\/2020\/01\/1LEANDRE-CLEAVER-MANERI.jpg 1240w\" sizes=\"auto, (max-width: 724px) 100vw, 724px\" \/><\/p>\n<figure id=\"attachment_8383\" aria-describedby=\"caption-attachment-8383\" style=\"width: 1024px\" class=\"wp-caption aligncenter\"><img loading=\"lazy\" decoding=\"async\" class=\"size-large wp-image-8383\" src=\"http:\/\/www.19paulfort.com\/galerie\/wp-content\/uploads\/2020\/01\/JudsonTrio-1024x731.jpg\" alt=\"\" width=\"1024\" height=\"731\" srcset=\"http:\/\/www.19paulfort.com\/galerie\/wp-content\/uploads\/2020\/01\/JudsonTrio-1024x731.jpg 1024w, http:\/\/www.19paulfort.com\/galerie\/wp-content\/uploads\/2020\/01\/JudsonTrio-300x214.jpg 300w, http:\/\/www.19paulfort.com\/galerie\/wp-content\/uploads\/2020\/01\/JudsonTrio-768x548.jpg 768w, http:\/\/www.19paulfort.com\/galerie\/wp-content\/uploads\/2020\/01\/JudsonTrio-1536x1097.jpg 1536w, http:\/\/www.19paulfort.com\/galerie\/wp-content\/uploads\/2020\/01\/JudsonTrio-2048x1463.jpg 2048w, http:\/\/www.19paulfort.com\/galerie\/wp-content\/uploads\/2020\/01\/JudsonTrio-750x536.jpg 750w\" sizes=\"auto, (max-width: 1024px) 100vw, 1024px\" \/><figcaption id=\"caption-attachment-8383\" class=\"wp-caption-text\">De g. \u00e0 d. Gerald Cleaver, Jo\u00eblle L\u00e9andre, Mat Maneri<\/figcaption><\/figure>\n<p style=\"text-align: left;\"><strong>&gt; <a href=\"http:\/\/www.19paulfort.com\/galerie\/index.php\/2016\/09\/20\/cleavers-gerald\">Voir la fiche de Gerald Cleaver<\/a><br \/>\n&gt; <a href=\"http:\/\/www.19paulfort.com\/galerie\/index.php\/2016\/05\/25\/leandre-joelle\/\">Voir la fiche de Jo\u00eblle L\u00e9andre<\/a><br \/>\n&gt; <a href=\"http:\/\/www.19paulfort.com\/galerie\/index.php\/2020\/01\/08\/maneri-mat\/\">Voir la fiche de Mat Maneri<\/a><\/strong><strong><br \/>\n<\/strong><\/p>\n","protected":false},"excerpt":{"rendered":"<p>Trio Jo\u00eblle L\u00e9andre Contrebasse Gerald Cleaver Batterie Mat Maneri Violon\/alto 25 janvier 2020 Jo\u00eblle L\u00e9andre et la contrebasse c\u2019est fusionnel. Toutes deux, L\u00e9andre et contrebasse, ont parcouru le monde, en jazz, en musique contemporaine, en Jo\u00eblle L\u00e9andre. Son jeu et sa musique sont une des plus belles r\u00e9ussites issues du mouvement progressif post-68 en double&hellip;<a href=\"http:\/\/www.19paulfort.com\/galerie\/index.php\/2020\/01\/08\/concert-trio-g-cleaver-m-maneri-j-leandre-25-janvier-2020\/\" class=\"more-link\">Continue reading <span class=\"screen-reader-text\">01 &#8211; 25 janvier &#8211; Concert &#8211; Trio J. L\u00e9andre, G. Cleaver, M. Maneri<\/span><\/a><\/p>\n","protected":false},"author":1,"featured_media":0,"comment_status":"closed","ping_status":"closed","sticky":false,"template":"","format":"standard","meta":{"footnotes":""},"categories":[17,56,7],"tags":[],"class_list":["post-8395","post","type-post","status-publish","format-standard","hentry","category-concerts","category-evenements-2020","category-evenements-passes"],"_links":{"self":[{"href":"http:\/\/www.19paulfort.com\/galerie\/index.php\/wp-json\/wp\/v2\/posts\/8395","targetHints":{"allow":["GET"]}}],"collection":[{"href":"http:\/\/www.19paulfort.com\/galerie\/index.php\/wp-json\/wp\/v2\/posts"}],"about":[{"href":"http:\/\/www.19paulfort.com\/galerie\/index.php\/wp-json\/wp\/v2\/types\/post"}],"author":[{"embeddable":true,"href":"http:\/\/www.19paulfort.com\/galerie\/index.php\/wp-json\/wp\/v2\/users\/1"}],"replies":[{"embeddable":true,"href":"http:\/\/www.19paulfort.com\/galerie\/index.php\/wp-json\/wp\/v2\/comments?post=8395"}],"version-history":[{"count":13,"href":"http:\/\/www.19paulfort.com\/galerie\/index.php\/wp-json\/wp\/v2\/posts\/8395\/revisions"}],"predecessor-version":[{"id":12865,"href":"http:\/\/www.19paulfort.com\/galerie\/index.php\/wp-json\/wp\/v2\/posts\/8395\/revisions\/12865"}],"wp:attachment":[{"href":"http:\/\/www.19paulfort.com\/galerie\/index.php\/wp-json\/wp\/v2\/media?parent=8395"}],"wp:term":[{"taxonomy":"category","embeddable":true,"href":"http:\/\/www.19paulfort.com\/galerie\/index.php\/wp-json\/wp\/v2\/categories?post=8395"},{"taxonomy":"post_tag","embeddable":true,"href":"http:\/\/www.19paulfort.com\/galerie\/index.php\/wp-json\/wp\/v2\/tags?post=8395"}],"curies":[{"name":"wp","href":"https:\/\/api.w.org\/{rel}","templated":true}]}}