{"id":8492,"date":"2020-01-26T16:54:56","date_gmt":"2020-01-26T15:54:56","guid":{"rendered":"http:\/\/www.19paulfort.com\/galerie\/?p=8492"},"modified":"2025-03-01T08:48:26","modified_gmt":"2025-03-01T07:48:26","slug":"integrale-des-sonates-de-beethoven-ep-1-tanja-becker-bender-violon-sofya-melikyan-8-et-9-fevrier-2020","status":"publish","type":"post","link":"http:\/\/www.19paulfort.com\/galerie\/index.php\/2020\/01\/26\/integrale-des-sonates-de-beethoven-ep-1-tanja-becker-bender-violon-sofya-melikyan-8-et-9-fevrier-2020\/","title":{"rendered":"02 &#8211; 08 \/ 09 f\u00e9vrier &#8211; Concert &#8211; Int\u00e9grale des sonates de Beethoven, \u00e9p. 1, Tanja Becker-Bender (violon), Sofya Melikyan &#8211;"},"content":{"rendered":"<p><img loading=\"lazy\" decoding=\"async\" class=\"wp-image-8539 size-large\" src=\"http:\/\/www.19paulfort.com\/galerie\/wp-content\/uploads\/2020\/01\/20200209_170212-scaled-e1581324080726-870x1024.jpg\" alt=\"\" width=\"870\" height=\"1024\" srcset=\"http:\/\/www.19paulfort.com\/galerie\/wp-content\/uploads\/2020\/01\/20200209_170212-scaled-e1581324080726-870x1024.jpg 870w, http:\/\/www.19paulfort.com\/galerie\/wp-content\/uploads\/2020\/01\/20200209_170212-scaled-e1581324080726-255x300.jpg 255w, http:\/\/www.19paulfort.com\/galerie\/wp-content\/uploads\/2020\/01\/20200209_170212-scaled-e1581324080726-768x904.jpg 768w, http:\/\/www.19paulfort.com\/galerie\/wp-content\/uploads\/2020\/01\/20200209_170212-scaled-e1581324080726-1304x1536.jpg 1304w, http:\/\/www.19paulfort.com\/galerie\/wp-content\/uploads\/2020\/01\/20200209_170212-scaled-e1581324080726-1739x2048.jpg 1739w, http:\/\/www.19paulfort.com\/galerie\/wp-content\/uploads\/2020\/01\/20200209_170212-scaled-e1581324080726-750x883.jpg 750w, http:\/\/www.19paulfort.com\/galerie\/wp-content\/uploads\/2020\/01\/20200209_170212-scaled-e1581324080726.jpg 1908w\" sizes=\"auto, (max-width: 870px) 100vw, 870px\" \/><\/p>\n<div class=\"mceTemp\"><em>De g. \u00e0 d. : Tanja Becker-Bender (violon), <\/em><em>Sofya Melikyan (piano)<\/em><\/div>\n<h1 style=\"text-align: left;\"><span style=\"color: #b84242;\">L&rsquo;int\u00e9grale des sonates de Beethoven<\/span><br \/>\n<span style=\"color: #b84242;\">pour violon et piano <\/span><span style=\"color: #b84242;\">en 3 \u00e9pisodes<\/span><\/h1>\n<h1 style=\"text-align: left;\"><strong><em>\u00c9pisode 1 :<\/em><br \/>\n<span style=\"color: #b84242;\">Samedi 8 f\u00e9vrier 20h<br \/>\net dimanche 9 f\u00e9vrier 17h30<\/span><\/strong><br \/>\n<span style=\"color: #000000;\"><strong>Tanja Becker-Bender (violon)<br \/>\nSofya Melikyan (piano)<br \/>\n<\/strong><\/span><\/h1>\n<h3 style=\"text-align: left;\"><span style=\"color: #b84242;\"><em><strong>Sonates n\u00b0 1, 6 et 7<\/strong><\/em><\/span><\/h3>\n<p>&nbsp;<\/p>\n<p style=\"text-align: justify;\"><strong><img loading=\"lazy\" decoding=\"async\" class=\"alignleft wp-image-8469\" src=\"http:\/\/www.19paulfort.com\/galerie\/wp-content\/uploads\/2020\/01\/LivreVacquin.jpg\" alt=\"\" width=\"100\" height=\"157\" \/>Ce concert est pr\u00e9c\u00e9d\u00e9 d&rsquo;une conf\u00e9rence donn\u00e9e par <span style=\"color: #b84242;\">Monette Vacquin<\/span>, psychanalyste auteure du livre,<em> Grave ma non troppo, Beethoven dernier mouvement.<\/em><\/strong><\/p>\n<p><strong><a href=\"http:\/\/www.19paulfort.com\/galerie\/index.php\/2020\/01\/26\/becker-bender-tanja\/\">&gt; Voir la fiche de Tanja Becker-Bender<\/a><br \/>\n<a href=\"http:\/\/www.19paulfort.com\/galerie\/index.php\/2020\/01\/26\/8476\/\">&gt; Voir la fiche de Sofya Melikyan<\/a><br \/>\n<a href=\"http:\/\/www.19paulfort.com\/galerie\/index.php\/2020\/01\/26\/vacquin-monette\/\">&gt; Voir la fiche de Monette Vacquin<\/a><br \/>\n<\/strong><\/p>\n","protected":false},"excerpt":{"rendered":"<p>De g. \u00e0 d. : Tanja Becker-Bender (violon), Sofya Melikyan (piano) L&rsquo;int\u00e9grale des sonates de Beethoven pour violon et piano en 3 \u00e9pisodes \u00c9pisode 1 : Samedi 8 f\u00e9vrier 20h et dimanche 9 f\u00e9vrier 17h30 Tanja Becker-Bender (violon) Sofya Melikyan (piano) Sonates n\u00b0 1, 6 et 7 &nbsp; Ce concert est pr\u00e9c\u00e9d\u00e9 d&rsquo;une conf\u00e9rence donn\u00e9e&hellip;<a href=\"http:\/\/www.19paulfort.com\/galerie\/index.php\/2020\/01\/26\/integrale-des-sonates-de-beethoven-ep-1-tanja-becker-bender-violon-sofya-melikyan-8-et-9-fevrier-2020\/\" class=\"more-link\">Continue reading <span class=\"screen-reader-text\">02 &#8211; 08 \/ 09 f\u00e9vrier &#8211; Concert &#8211; Int\u00e9grale des sonates de Beethoven, \u00e9p. 1, Tanja Becker-Bender (violon), Sofya Melikyan &#8211;<\/span><\/a><\/p>\n","protected":false},"author":1,"featured_media":0,"comment_status":"closed","ping_status":"closed","sticky":false,"template":"","format":"standard","meta":{"footnotes":""},"categories":[17,56,7],"tags":[],"class_list":["post-8492","post","type-post","status-publish","format-standard","hentry","category-concerts","category-evenements-2020","category-evenements-passes"],"_links":{"self":[{"href":"http:\/\/www.19paulfort.com\/galerie\/index.php\/wp-json\/wp\/v2\/posts\/8492","targetHints":{"allow":["GET"]}}],"collection":[{"href":"http:\/\/www.19paulfort.com\/galerie\/index.php\/wp-json\/wp\/v2\/posts"}],"about":[{"href":"http:\/\/www.19paulfort.com\/galerie\/index.php\/wp-json\/wp\/v2\/types\/post"}],"author":[{"embeddable":true,"href":"http:\/\/www.19paulfort.com\/galerie\/index.php\/wp-json\/wp\/v2\/users\/1"}],"replies":[{"embeddable":true,"href":"http:\/\/www.19paulfort.com\/galerie\/index.php\/wp-json\/wp\/v2\/comments?post=8492"}],"version-history":[{"count":11,"href":"http:\/\/www.19paulfort.com\/galerie\/index.php\/wp-json\/wp\/v2\/posts\/8492\/revisions"}],"predecessor-version":[{"id":12863,"href":"http:\/\/www.19paulfort.com\/galerie\/index.php\/wp-json\/wp\/v2\/posts\/8492\/revisions\/12863"}],"wp:attachment":[{"href":"http:\/\/www.19paulfort.com\/galerie\/index.php\/wp-json\/wp\/v2\/media?parent=8492"}],"wp:term":[{"taxonomy":"category","embeddable":true,"href":"http:\/\/www.19paulfort.com\/galerie\/index.php\/wp-json\/wp\/v2\/categories?post=8492"},{"taxonomy":"post_tag","embeddable":true,"href":"http:\/\/www.19paulfort.com\/galerie\/index.php\/wp-json\/wp\/v2\/tags?post=8492"}],"curies":[{"name":"wp","href":"https:\/\/api.w.org\/{rel}","templated":true}]}}