{"id":891,"date":"2016-06-04T08:58:30","date_gmt":"2016-06-04T07:58:30","guid":{"rendered":"http:\/\/www.19paulfort.com\/galerie\/?p=891"},"modified":"2019-01-14T16:13:15","modified_gmt":"2019-01-14T15:13:15","slug":"aljaramani-khaled","status":"publish","type":"post","link":"http:\/\/www.19paulfort.com\/galerie\/index.php\/2016\/06\/04\/aljaramani-khaled\/","title":{"rendered":"ALJARAMANI Khaled \u2022"},"content":{"rendered":"<p><img loading=\"lazy\" decoding=\"async\" class=\"aligncenter\" src=\"http:\/\/19paulfort.com\/images\/stories\/artistes\/Aljaramanipetit.png\" alt=\"\" width=\"283\" height=\"331\" border=\"0\" \/><\/p>\n<h1>Khaled Aljaramani<\/h1>\n<p><strong>Musicien, joueur d&rsquo;oud<\/strong><\/p>\n<p style=\"text-align: justify;\">Khaled Al Jaramani est n\u00e9 \u00e0 Soueida, au sud de la Syrie, en 1972. Il a suivi des cours d\u2019oud chez le professeur Fayez Zher Eddine puis s\u2019est inscrit \u00e0 l\u2019Institut Sup\u00e9rieur de Musique dans la classe du professeur Askar Ali Akbar.<br \/>\nEncore \u00e9tudiant, il a suivi des ateliers dirig\u00e9s par Mounir Bachir et Nassir Chama. A la fin de ses \u00e9tudes au conservatoire, il a travaill\u00e9 comme professeur de l\u2019oud au Conservatoire de Musique de Damas et de musicologie \u00e0 l\u2019Institut de Musique de Homs. Avec l\u2019orchestre symphonique de Damas, il a particip\u00e9 \u00e0 des concerts au Palais des Congr\u00e8s de Damas, \u00e0 l\u2019UNESCO de Beyrouth et avec l\u2019Orchestre de Musique Arabe, aux festivals de musique de Damas, de Beyrouth et du Caire. Il a \u00e9t\u00e9 invit\u00e9 en r\u00e9sidence \u00e0 l\u2019Abbaye de Royaumont en 2005 sur le projet \u00ab\u00a0Maqam et cr\u00e9ations\u00a0\u00bb Il a \u00e9galement \u00e9t\u00e9 r\u00e9guli\u00e8rement invit\u00e9 \u00e0 jouer des compositions de solo oud, notamment \u00e0 l\u2019Institut du Monde Arabe \u00e0 Paris en 2011 o\u00f9 il a enregistr\u00e9 son album \u00ab\u00a0Traces\u00a0\u00bb avec le label \u00ab\u00a0harmonia mundi\u00a0\u00bb.<br \/>\nIl participe \u00e0 plusieurs formations\u00a0: le trio Bab Assalam avec le clarinettiste Raphael Vuillard\u00a0; le duo Interzone avec le guitariste Serge Tayssot-Gay avec qui il enregistre \u00ab\u00a0Interzone\u00a0\u00bb, et \u00ab\u00a0Interzone deuxi\u00e8me jour\u00a0\u00bb\u00a0; et participe aux concerts d\u2019Abed Azrie. Il est de nouveau invit\u00e9 en r\u00e9sidence \u00e0 l\u2019Abbaye de Royaumont en 2012 pour le projet \u00ab\u00a0Interzone extended\u00a0\u00bb.<\/p>\n<hr \/>\n<p><strong>Cet artiste a particip\u00e9 rue Paul Fort \u00e0 :<\/strong><em><br \/>\n<\/em><\/p>\n<p>Un concert en duo avec Serge Teyssot-Gay le 22 octobre 2015 dans le cadre de l&rsquo;exposition \u00ab\u00a0Positif Exil\u00a0\u00bb<\/p>\n<p><a title=\"Concert Interzone Duo\" href=\"http:\/\/19paulfort.com\/index.php?option=com_content&amp;view=article&amp;id=286:concert-de-khaled-aljaramani-et-serge-teyssot-gay-oct&amp;catid=61&amp;Itemid=215&amp;lang=fr\">&gt;\u00a0Lien vers le\u00a0concert<\/a><br \/>\n<a title=\"Exposition Positif Exil\" href=\"http:\/\/19paulfort.com\/index.php?option=com_content&amp;view=article&amp;id=284:exposition-positif-exil-oct-nov&amp;catid=61&amp;Itemid=215&amp;lang=fr\">&gt;\u00a0Lien vers l&rsquo;exposition<\/a><\/p>\n<p>Un concert solo le 30 novembre 2014 dans le cadre de l&rsquo;exposition \u00ab\u00a0Le Caire. Photographies de Mich\u00e8le Maurin et c\u00e9ramiques du Fayoum d&rsquo;Evelyne Porret et Michel Pastore\u00a0\u00bb<\/p>\n<p><a title=\"Concert Expo Le Caire\" href=\"http:\/\/19paulfort.com\/index.php?option=com_content&amp;view=article&amp;id=265:concert-de-khaled-aljaramani-2&amp;catid=57&amp;Itemid=197&amp;lang=fr\">&gt;\u00a0Lien vers le\u00a0concert<\/a><br \/>\n<a title=\"Exposition Le Caire\" href=\"http:\/\/19paulfort.com\/index.php?option=com_content&amp;view=article&amp;id=249:le-caire-a-la-recherche-de-gustave-le-gray-nov&amp;catid=57&amp;Itemid=197&amp;lang=fr\">&gt;\u00a0Lien vers l&rsquo;exposition<\/a><\/p>\n<p>Un concert solo le 25 octobre 2012 dans le cadre de l&rsquo;exposition \u00ab\u00a0R\u00eaves d&rsquo;Orient\u00a0\u00bb<\/p>\n<p><a href=\"http:\/\/19paulfort.com\/index.php?option=com_content&amp;view=article&amp;id=95:concert-de-khaled-aljaramani&amp;catid=38&amp;Itemid=161&amp;lang=fr\">&gt;\u00a0Lien vers le\u00a0concert<br \/>\n&gt;<\/a>\u00a0<a href=\"http:\/\/19paulfort.com\/index.php?option=com_content&amp;view=article&amp;id=97:reves-d-orient&amp;catid=38&amp;Itemid=161&amp;lang=fr\">Lien vers l&rsquo;exposition<\/a><\/p>\n","protected":false},"excerpt":{"rendered":"<p>Khaled Aljaramani Musicien, joueur d&rsquo;oud Khaled Al Jaramani est n\u00e9 \u00e0 Soueida, au sud de la Syrie, en 1972. Il a suivi des cours d\u2019oud chez le professeur Fayez Zher Eddine puis s\u2019est inscrit \u00e0 l\u2019Institut Sup\u00e9rieur de Musique dans la classe du professeur Askar Ali Akbar. Encore \u00e9tudiant, il a suivi des ateliers dirig\u00e9s&hellip;<a href=\"http:\/\/www.19paulfort.com\/galerie\/index.php\/2016\/06\/04\/aljaramani-khaled\/\" class=\"more-link\">Continue reading <span class=\"screen-reader-text\">ALJARAMANI Khaled \u2022<\/span><\/a><\/p>\n","protected":false},"author":1,"featured_media":0,"comment_status":"closed","ping_status":"closed","sticky":false,"template":"","format":"standard","meta":{"footnotes":""},"categories":[18,26,20,19],"tags":[],"class_list":["post-891","post","type-post","status-publish","format-standard","hentry","category-artistes-invites","category-musiciens-compositeurs","category-par-nom","category-par-pratique-artistique"],"_links":{"self":[{"href":"http:\/\/www.19paulfort.com\/galerie\/index.php\/wp-json\/wp\/v2\/posts\/891","targetHints":{"allow":["GET"]}}],"collection":[{"href":"http:\/\/www.19paulfort.com\/galerie\/index.php\/wp-json\/wp\/v2\/posts"}],"about":[{"href":"http:\/\/www.19paulfort.com\/galerie\/index.php\/wp-json\/wp\/v2\/types\/post"}],"author":[{"embeddable":true,"href":"http:\/\/www.19paulfort.com\/galerie\/index.php\/wp-json\/wp\/v2\/users\/1"}],"replies":[{"embeddable":true,"href":"http:\/\/www.19paulfort.com\/galerie\/index.php\/wp-json\/wp\/v2\/comments?post=891"}],"version-history":[{"count":5,"href":"http:\/\/www.19paulfort.com\/galerie\/index.php\/wp-json\/wp\/v2\/posts\/891\/revisions"}],"predecessor-version":[{"id":6961,"href":"http:\/\/www.19paulfort.com\/galerie\/index.php\/wp-json\/wp\/v2\/posts\/891\/revisions\/6961"}],"wp:attachment":[{"href":"http:\/\/www.19paulfort.com\/galerie\/index.php\/wp-json\/wp\/v2\/media?parent=891"}],"wp:term":[{"taxonomy":"category","embeddable":true,"href":"http:\/\/www.19paulfort.com\/galerie\/index.php\/wp-json\/wp\/v2\/categories?post=891"},{"taxonomy":"post_tag","embeddable":true,"href":"http:\/\/www.19paulfort.com\/galerie\/index.php\/wp-json\/wp\/v2\/tags?post=891"}],"curies":[{"name":"wp","href":"https:\/\/api.w.org\/{rel}","templated":true}]}}