{"id":917,"date":"2016-06-04T08:28:30","date_gmt":"2016-06-04T07:28:30","guid":{"rendered":"http:\/\/www.19paulfort.com\/galerie\/?p=917"},"modified":"2016-11-27T17:39:15","modified_gmt":"2016-11-27T16:39:15","slug":"filidei-francesco","status":"publish","type":"post","link":"http:\/\/www.19paulfort.com\/galerie\/index.php\/2016\/06\/04\/filidei-francesco\/","title":{"rendered":"FILIDEI Francesco \u2022"},"content":{"rendered":"<p><img loading=\"lazy\" decoding=\"async\" class=\"aligncenter\" src=\"http:\/\/19paulfort.com\/images\/stories\/artistes\/Filidei.jpg\" alt=\"\" width=\"218\" height=\"181\" border=\"0\" \/><\/p>\n<h1>Francesco Filidei<\/h1>\n<p><strong>Organiste et compositeur<\/strong><\/p>\n<p style=\"text-align: justify;\">Francesco\u00a0Filidei\u00a0est dipl\u00f4m\u00e9 du conservatoire de Florence et du CNSMDP de Paris.<br \/>\nOrganiste et compositeur, il est invit\u00e9 par les plus importants festivals de musique contemporaine\u00a0et par de nombreuses institutions ; sa musique est jou\u00e9e par des orchestres de la Radio de Cologne (WDR), de Stuttgart (SWR), la RSO Wien, la ORT, la RAI, le Tokyo Philharmonic ou la Bayerischen Rundfunks et par les ensembles Musikfabrik, Linea,\u00a0l\u2019Itineraire, Intercontemporain, Les Percussions de Strasbourg, le Klangforum Wien, Cairn, 2E2M, Tokyo Sinfonietta, Ars Ludi, Ictus, Neue Vocalsolisten\u2026 notamment\u00a0\u00e0 la\u00a0Philharmonie de\u00a0 Berlin, \u00e0 celle de Cologne, \u00e0 la Cit\u00e9 de la Musique de Paris, \u00e0 la Suntory et \u00e0 la Tokyo Opera House, au Theaterhaus\u00a0 de Vienne, \u00e0 la Herkulessal de Munich, \u00e0 la Tonhalle de Zurich. Apr\u00e8s avoir obtenu la Commande du Comit\u00e9 de Lecture Ircam en 2005, Francesco Filidei obtient le Salzburg Music Forderpreistrager 2006, le Prix Takefu 2007, le Forderpreistrager Siemens 2009, et la Medaille UNESCO Picasso\/Miro\u00a0du Rostrum of Composers 2011. Il est compositeur en r\u00e9sidence \u00e0 l\u2019Acad\u00e9mie Schloss Solitude en 2005, membre de la Casa de Velazquez en 2006 et 2007 et pensionnaire \u00e0 la Villa Medici en 2012-13. Il a \u00e9t\u00e9 professeur de composition \u00e0 \u00ab Voix nouvelles \u00bb Royaumont, \u00e0 la Iowa University, \u00e0 Takefu, \u00e0 l\u2019International young composer Academy in Tchaikovsky City et \u00e0 Barga INAUDITA.<br \/>\nEn 2015, il est boursier du DAAD Berlin et compositeur en r\u00e9sidence \u00e0 l\u2019Ensemble 2e2m. Il a remport\u00e9 le prix de la critique italienne \u00ab\u00a0Franco Abbiati\u00a0\u00bb pour Ogni gesto d\u2019amore pour violoncelle et orchestre et \u2028Fiori di fiori pour orchestra.<br \/>\nSon premier op\u00e9ra Giordano Bruno est cr\u00e9\u00e9 \u00e0 la Casa da Musica en septembre 2015 avant d\u2019\u00eatre pr\u00e9sent\u00e9 en France et en Italie.<br \/>\nSes \u0153uvres sont \u00e9dit\u00e9es par RaiTrade.<\/p>\n<p><a href=\"https:\/\/francescofilidei.com\" target=\"_blank\">francescofilidei.com<\/a><\/p>\n<hr \/>\n<p><strong>Cet artiste a particip\u00e9 rue Paul Fort \u00e0 :<\/strong><em><br \/>\n<\/em><\/p>\n<p>Une projection des op\u00e9ras \u00ab\u00a0Aliados\u00a0\u00bb et \u00ab\u00a0Giordano Bruno\u00a0\u00bb, les 6 et 7 d\u00e9cembre 2016<br \/>\n<a href=\"http:\/\/www.19paulfort.com\/galerie\/index.php\/2016\/11\/27\/audiovisuel-operas-filmes-aliados-et-giordano-bruno-6-et-7-decembre-2016\/\">&gt; Lien vers l&rsquo;\u00e9v\u00e9nement<\/a><strong><br \/>\n<\/strong><\/p>\n<p>Une rencontre avec le metteur en sc\u00e8ne Antoine Gindt autour de son op\u00e9ra \u00ab\u00a0Giordano Bruno\u00a0\u00bb, le 1er juillet 2015<br \/>\n<a href=\"http:\/\/www.19paulfort.com\/galerie\/index.php\/2016\/05\/26\/concert-rencontre-avec-francesco-filidei-et-antoine-gindt-opera-giordano-bruno\/\">&gt;\u00a0Lien vers l&rsquo;\u00e9v\u00e9nement<\/a><\/p>\n<p>&nbsp;<\/p>\n","protected":false},"excerpt":{"rendered":"<p>Francesco Filidei Organiste et compositeur Francesco\u00a0Filidei\u00a0est dipl\u00f4m\u00e9 du conservatoire de Florence et du CNSMDP de Paris. Organiste et compositeur, il est invit\u00e9 par les plus importants festivals de musique contemporaine\u00a0et par de nombreuses institutions ; sa musique est jou\u00e9e par des orchestres de la Radio de Cologne (WDR), de Stuttgart (SWR), la RSO Wien, la&hellip;<a href=\"http:\/\/www.19paulfort.com\/galerie\/index.php\/2016\/06\/04\/filidei-francesco\/\" class=\"more-link\">Continue reading <span class=\"screen-reader-text\">FILIDEI Francesco \u2022<\/span><\/a><\/p>\n","protected":false},"author":1,"featured_media":0,"comment_status":"closed","ping_status":"closed","sticky":false,"template":"","format":"standard","meta":{"footnotes":""},"categories":[18,26,20,19],"tags":[],"class_list":["post-917","post","type-post","status-publish","format-standard","hentry","category-artistes-invites","category-musiciens-compositeurs","category-par-nom","category-par-pratique-artistique"],"_links":{"self":[{"href":"http:\/\/www.19paulfort.com\/galerie\/index.php\/wp-json\/wp\/v2\/posts\/917","targetHints":{"allow":["GET"]}}],"collection":[{"href":"http:\/\/www.19paulfort.com\/galerie\/index.php\/wp-json\/wp\/v2\/posts"}],"about":[{"href":"http:\/\/www.19paulfort.com\/galerie\/index.php\/wp-json\/wp\/v2\/types\/post"}],"author":[{"embeddable":true,"href":"http:\/\/www.19paulfort.com\/galerie\/index.php\/wp-json\/wp\/v2\/users\/1"}],"replies":[{"embeddable":true,"href":"http:\/\/www.19paulfort.com\/galerie\/index.php\/wp-json\/wp\/v2\/comments?post=917"}],"version-history":[{"count":7,"href":"http:\/\/www.19paulfort.com\/galerie\/index.php\/wp-json\/wp\/v2\/posts\/917\/revisions"}],"predecessor-version":[{"id":4231,"href":"http:\/\/www.19paulfort.com\/galerie\/index.php\/wp-json\/wp\/v2\/posts\/917\/revisions\/4231"}],"wp:attachment":[{"href":"http:\/\/www.19paulfort.com\/galerie\/index.php\/wp-json\/wp\/v2\/media?parent=917"}],"wp:term":[{"taxonomy":"category","embeddable":true,"href":"http:\/\/www.19paulfort.com\/galerie\/index.php\/wp-json\/wp\/v2\/categories?post=917"},{"taxonomy":"post_tag","embeddable":true,"href":"http:\/\/www.19paulfort.com\/galerie\/index.php\/wp-json\/wp\/v2\/tags?post=917"}],"curies":[{"name":"wp","href":"https:\/\/api.w.org\/{rel}","templated":true}]}}