{"id":9275,"date":"2021-08-26T18:13:47","date_gmt":"2021-08-26T17:13:47","guid":{"rendered":"http:\/\/www.19paulfort.com\/galerie\/?p=9275"},"modified":"2021-09-08T10:22:34","modified_gmt":"2021-09-08T09:22:34","slug":"horiot-hermine","status":"publish","type":"post","link":"http:\/\/www.19paulfort.com\/galerie\/index.php\/2021\/08\/26\/horiot-hermine\/","title":{"rendered":"HORIOT Hermine \u2022"},"content":{"rendered":"<figure id=\"attachment_9334\" aria-describedby=\"caption-attachment-9334\" style=\"width: 768px\" class=\"wp-caption aligncenter\"><img loading=\"lazy\" decoding=\"async\" class=\"size-large wp-image-9334\" src=\"http:\/\/www.19paulfort.com\/galerie\/wp-content\/uploads\/2021\/08\/Resized_20210905_144537-768x1024.jpg\" alt=\"\" width=\"768\" height=\"1024\" srcset=\"http:\/\/www.19paulfort.com\/galerie\/wp-content\/uploads\/2021\/08\/Resized_20210905_144537-768x1024.jpg 768w, http:\/\/www.19paulfort.com\/galerie\/wp-content\/uploads\/2021\/08\/Resized_20210905_144537-225x300.jpg 225w, http:\/\/www.19paulfort.com\/galerie\/wp-content\/uploads\/2021\/08\/Resized_20210905_144537-750x1000.jpg 750w, http:\/\/www.19paulfort.com\/galerie\/wp-content\/uploads\/2021\/08\/Resized_20210905_144537.jpg 1080w\" sizes=\"auto, (max-width: 768px) 100vw, 768px\" \/><figcaption id=\"caption-attachment-9334\" class=\"wp-caption-text\">Hermine Horiot, violoncelliste<\/figcaption><\/figure>\n<h1>Hermine HORIOT<\/h1>\n<p style=\"text-align: justify;\"><strong>Violoncelliste<\/strong><\/p>\n<p style=\"text-align: justify;\">N\u00e9e en 1986.\u00a0Hermine HORIOT d\u00e9bute le violoncelle avec Laurent Lagarde au CNR de Dijon. Dipl\u00f4m\u00e9e du CNSM de Paris en 2011 dans la classe de Philippe Muller, elle a b\u00e9n\u00e9fici\u00e9 des conseils de Steven Isserlis, Fran\u00e7ois Salque, Torleif Thed\u00e9en, \u2028Leonid Gorokhov, Marc Coppey ou encore Jordi Savall.<br \/>\nReconnue pour ses interpr\u00e9tations \u00ab d\u2019une tr\u00e8s grande pl\u00e9nitude, offrant \u00e0 l\u2019auditeur une ma\u00eetrise parfaite de son instrument, associ\u00e9e \u00e0 une sensibilit\u00e9 r\u00e9elle. \u00bb (Michel Jakubowicz-On Mag), elle est laur\u00e9ate du Festival Juventus, de la Fondation Banque Populaire et de la Fondation Jean-Luc Lagard\u00e8re.\u2028Particuli\u00e8rement anim\u00e9e par la musique de chambre, elle se produit sur les sc\u00e8nes fran\u00e7aises et internationales (Th\u00e9\u00e2tres des Champs \u00c9lys\u00e9es, des Bouffes du<br \/>\nNord et de l\u2019 Ath\u00e9n\u00e9e \u00e0 Paris, Conservatoire Tcha\u00efkovski de Moscou, Musikverein de Vienne, Villa M\u00e9dicis \u00e0 Rome\u2026) aux c\u00f4t\u00e9s de partenaires tels que Ferenc Vizi, Fran\u00e7ois Salque, Cyprien Katsaris, Laurent Korcia, Alena Baeva, Adrien Boisseau, Gaspard Dehaene\u2026 \u2028Elle enregistre en 2015 son premier album, \u00ab Romance Oubli\u00e9e \u00bb, aux c\u00f4t\u00e9s du pianiste Ferenc Vizi, pour le label 1001 Notes. Ce disque b\u00e9n\u00e9ficie d\u2019un beau succ\u00e8s permettant aux deux artistes de participer \u00e0 plusieurs \u00e9missions radiophoniques, notamment avec Laure M\u00e9zan (Radio-Classique), Ari\u00e8le Butaux, et Ga\u00eblle Le Gallic (France-Musique).\u2028Elle est membre de l\u2019ensemble \u00ab Les Dissonances \u00bb, fond\u00e9 par David Grimal, collectif d\u2019artistes explorant toujours plus loin le r\u00e9pertoire symphonique sans chef d\u2019orchestre. Son int\u00e9r\u00eat pour la musique d\u2019aujourd\u2019hui l\u2019am\u00e8ne \u00e0 collaborer notamment avec les compositeurs Jean-Baptiste Robin, Thierry Escaich et Nicklas Schmidt, compositeur danois \u00e0 qui elle passe commande pour son prochain disque Bor\u00e9ales.<\/p>\n<hr \/>\n<p><strong>Cette artiste a particip\u00e9 au 19PaulFort \u00e0 :<br \/>\n<\/strong>&gt; <a href=\"http:\/\/www.19paulfort.com\/galerie\/index.php\/2021\/08\/21\/concert-olympe-de-gouge-les-combats-dune-femme-libre-4-et-5-septembre-2021\/\">Un spectacle musical : Olympe de Gouge Les combats d&rsquo;une femme libre avec La Compagnie \u00ab Le loup dans la baignoire \u00bb, les 4 et 5 septembre 2021<\/a><\/p>\n","protected":false},"excerpt":{"rendered":"<p>Hermine HORIOT Violoncelliste N\u00e9e en 1986.\u00a0Hermine HORIOT d\u00e9bute le violoncelle avec Laurent Lagarde au CNR de Dijon. Dipl\u00f4m\u00e9e du CNSM de Paris en 2011 dans la classe de Philippe Muller, elle a b\u00e9n\u00e9fici\u00e9 des conseils de Steven Isserlis, Fran\u00e7ois Salque, Torleif Thed\u00e9en, \u2028Leonid Gorokhov, Marc Coppey ou encore Jordi Savall. Reconnue pour ses interpr\u00e9tations \u00ab&hellip;<a href=\"http:\/\/www.19paulfort.com\/galerie\/index.php\/2021\/08\/26\/horiot-hermine\/\" class=\"more-link\">Continue reading <span class=\"screen-reader-text\">HORIOT Hermine \u2022<\/span><\/a><\/p>\n","protected":false},"author":1,"featured_media":0,"comment_status":"closed","ping_status":"closed","sticky":false,"template":"","format":"standard","meta":{"footnotes":""},"categories":[18,26,20,19],"tags":[],"class_list":["post-9275","post","type-post","status-publish","format-standard","hentry","category-artistes-invites","category-musiciens-compositeurs","category-par-nom","category-par-pratique-artistique"],"_links":{"self":[{"href":"http:\/\/www.19paulfort.com\/galerie\/index.php\/wp-json\/wp\/v2\/posts\/9275","targetHints":{"allow":["GET"]}}],"collection":[{"href":"http:\/\/www.19paulfort.com\/galerie\/index.php\/wp-json\/wp\/v2\/posts"}],"about":[{"href":"http:\/\/www.19paulfort.com\/galerie\/index.php\/wp-json\/wp\/v2\/types\/post"}],"author":[{"embeddable":true,"href":"http:\/\/www.19paulfort.com\/galerie\/index.php\/wp-json\/wp\/v2\/users\/1"}],"replies":[{"embeddable":true,"href":"http:\/\/www.19paulfort.com\/galerie\/index.php\/wp-json\/wp\/v2\/comments?post=9275"}],"version-history":[{"count":5,"href":"http:\/\/www.19paulfort.com\/galerie\/index.php\/wp-json\/wp\/v2\/posts\/9275\/revisions"}],"predecessor-version":[{"id":9349,"href":"http:\/\/www.19paulfort.com\/galerie\/index.php\/wp-json\/wp\/v2\/posts\/9275\/revisions\/9349"}],"wp:attachment":[{"href":"http:\/\/www.19paulfort.com\/galerie\/index.php\/wp-json\/wp\/v2\/media?parent=9275"}],"wp:term":[{"taxonomy":"category","embeddable":true,"href":"http:\/\/www.19paulfort.com\/galerie\/index.php\/wp-json\/wp\/v2\/categories?post=9275"},{"taxonomy":"post_tag","embeddable":true,"href":"http:\/\/www.19paulfort.com\/galerie\/index.php\/wp-json\/wp\/v2\/tags?post=9275"}],"curies":[{"name":"wp","href":"https:\/\/api.w.org\/{rel}","templated":true}]}}