{"id":9280,"date":"2021-08-26T18:15:32","date_gmt":"2021-08-26T17:15:32","guid":{"rendered":"http:\/\/www.19paulfort.com\/galerie\/?p=9280"},"modified":"2021-09-08T10:20:42","modified_gmt":"2021-09-08T09:20:42","slug":"herbstmeyer-mireille","status":"publish","type":"post","link":"http:\/\/www.19paulfort.com\/galerie\/index.php\/2021\/08\/26\/herbstmeyer-mireille\/","title":{"rendered":"HERBSTMEYER Mireille \u2022"},"content":{"rendered":"<figure id=\"attachment_9336\" aria-describedby=\"caption-attachment-9336\" style=\"width: 768px\" class=\"wp-caption aligncenter\"><img loading=\"lazy\" decoding=\"async\" class=\"size-large wp-image-9336\" src=\"http:\/\/www.19paulfort.com\/galerie\/wp-content\/uploads\/2021\/08\/Resized_20210905_144511-768x1024.jpg\" alt=\"\" width=\"768\" height=\"1024\" srcset=\"http:\/\/www.19paulfort.com\/galerie\/wp-content\/uploads\/2021\/08\/Resized_20210905_144511-768x1024.jpg 768w, http:\/\/www.19paulfort.com\/galerie\/wp-content\/uploads\/2021\/08\/Resized_20210905_144511-225x300.jpg 225w, http:\/\/www.19paulfort.com\/galerie\/wp-content\/uploads\/2021\/08\/Resized_20210905_144511-750x1000.jpg 750w, http:\/\/www.19paulfort.com\/galerie\/wp-content\/uploads\/2021\/08\/Resized_20210905_144511.jpg 1080w\" sizes=\"auto, (max-width: 768px) 100vw, 768px\" \/><figcaption id=\"caption-attachment-9336\" class=\"wp-caption-text\">Mireille Herbstmeyer, com\u00e9dienne<\/figcaption><\/figure>\n<h1>Mireille HERBSTMEYER<\/h1>\n<p><strong>Com\u00e9dienne<\/strong><\/p>\n<p style=\"text-align: justify;\">\u00c0 16 ans, Mireille entre au conservatoire d\u2019Art Dramatique de Besan\u00e7on, puis devient une \u00e9l\u00e8ve de Jacques Fornier, co-fondateur du CDN de Bourgogne.\u00a0Au Conservatoire elle rencontre l\u2019Auteur et Metteur en sc\u00e8ne Jean-Luc Lagarce.\u2028En 1977 elle fonde avec lui le Th\u00e9\u00e2tre de la Roulotte, compagnie amateure qui\u00a0devient professionnelle \u00e0 partir de 1981 pour cr\u00e9er tous les textes de l\u2019auteur mont\u00e9s par lui- m\u00eame jusqu\u2019\u00e0 sa mort en 1995 &#8211; Compagnonnage de vingt ans au sein de la compagnie. En 1991 elle rencontre Olivier Py. Depuis leur rencontre et jusqu\u2019\u00e0 maintenant en compagnonnage dans ses mises en sc\u00e8ne, elle participe \u00e0 de nombreuses cr\u00e9ations de ses textes, tels que \u00ab Les IllusionsComiques \u00bb, \u2028\u00ab Orlando ou l\u2019Impatience \u00bb, \u00ab Les Parisiens \u00bb.\u2028 C\u2019est pour Mireille une particularit\u00e9 exceptionnelle d\u2019avoir \u00e9t\u00e9 cr\u00e9atrice des r\u00f4les de ces deux auteurs contemporains ! Actionnaire de la maison d\u2019\u00e9dition des Solitaires Intempestifs cr\u00e9e par Jean-Luc Lagarce reprise par Fran\u00e7ois Berreur \u00e0 la mort de l\u2019auteur, elle participe aux cr\u00e9ations de la nouvelle compagnie Les Intempestifs ,dirig\u00e9e par le m\u00eame Fran\u00e7ois Berreur, dans la continuit\u00e9 de l\u2019ancienne compagnie de Jean-Luc Lagarce.\u2028R\u00e9cemment elle collabore avec d\u2019autres auteurs contemporains avec\u00a0\u00ab Les Mystiques \u00bb de H\u00e9di Tillette de Clermont Tonnerre et \u00ab Le Pater \u00bb de Flore\u00a0Lef\u00e8vre des No\u00ebttes. \u2028Au cin\u00e9ma, Mireille participe \u00e0 plusieurs films d\u2019auteurs comme Denis Lorca, Jean-Marie et Arnaud Larrieu, Dominique Boccarossa&#8230;,\u00a0Elle tourne aussi avec Olivier Py dans son film \u00ab Les Yeux Ferm\u00e9s \u00bb prim\u00e9 au\u00a0Festival de Venise. \u2028En 2019 de nouveau \u00e0 l\u2019image, elle est la guest principale d\u2019un des \u00e9pisodes de la s\u00e9rie \u00ab Les Petits Meurtres d\u2019Agatha Christie \u00bb r\u00e9alis\u00e9 par Nicolas Picard-Dreyfuss, et l\u2019inoubliable sorci\u00e8re de \u00ab Marianne \u00bb, la s\u00e9rie Netflix r\u00e9alis\u00e9e par Samuel Bodin. En 2020, elle fait un retour au th\u00e9\u00e2tre avec Fr\u00e9d\u00e9ric Leidgen comme partenaire. dans \u00ab Condor \u00bb, une production du TNS \u2013 un texte de Fr\u00e9d\u00e9ric Vossier &#8211; mise en sc\u00e8ne Anne Th\u00e9ron.<\/p>\n<hr \/>\n<p><strong>Cette artiste a particip\u00e9 au 19PaulFort \u00e0 :<br \/>\n<\/strong>&gt; <a href=\"http:\/\/www.19paulfort.com\/galerie\/index.php\/2021\/08\/21\/concert-olympe-de-gouge-les-combats-dune-femme-libre-4-et-5-septembre-2021\/\">Un spectacle musical : Olympe de Gouge Les combats d&rsquo;une femme libre avec La Compagnie \u00ab Le loup dans la baignoire \u00bb, les 4 et 5 septembre 2021<\/a><\/p>\n","protected":false},"excerpt":{"rendered":"<p>Mireille HERBSTMEYER Com\u00e9dienne \u00c0 16 ans, Mireille entre au conservatoire d\u2019Art Dramatique de Besan\u00e7on, puis devient une \u00e9l\u00e8ve de Jacques Fornier, co-fondateur du CDN de Bourgogne.\u00a0Au Conservatoire elle rencontre l\u2019Auteur et Metteur en sc\u00e8ne Jean-Luc Lagarce.\u2028En 1977 elle fonde avec lui le Th\u00e9\u00e2tre de la Roulotte, compagnie amateure qui\u00a0devient professionnelle \u00e0 partir de 1981 pour&hellip;<a href=\"http:\/\/www.19paulfort.com\/galerie\/index.php\/2021\/08\/26\/herbstmeyer-mireille\/\" class=\"more-link\">Continue reading <span class=\"screen-reader-text\">HERBSTMEYER Mireille \u2022<\/span><\/a><\/p>\n","protected":false},"author":1,"featured_media":0,"comment_status":"closed","ping_status":"closed","sticky":false,"template":"","format":"standard","meta":{"footnotes":""},"categories":[35,18,20,19],"tags":[],"class_list":["post-9280","post","type-post","status-publish","format-standard","hentry","category-acteurs-mise-en-scene","category-artistes-invites","category-par-nom","category-par-pratique-artistique"],"_links":{"self":[{"href":"http:\/\/www.19paulfort.com\/galerie\/index.php\/wp-json\/wp\/v2\/posts\/9280","targetHints":{"allow":["GET"]}}],"collection":[{"href":"http:\/\/www.19paulfort.com\/galerie\/index.php\/wp-json\/wp\/v2\/posts"}],"about":[{"href":"http:\/\/www.19paulfort.com\/galerie\/index.php\/wp-json\/wp\/v2\/types\/post"}],"author":[{"embeddable":true,"href":"http:\/\/www.19paulfort.com\/galerie\/index.php\/wp-json\/wp\/v2\/users\/1"}],"replies":[{"embeddable":true,"href":"http:\/\/www.19paulfort.com\/galerie\/index.php\/wp-json\/wp\/v2\/comments?post=9280"}],"version-history":[{"count":5,"href":"http:\/\/www.19paulfort.com\/galerie\/index.php\/wp-json\/wp\/v2\/posts\/9280\/revisions"}],"predecessor-version":[{"id":9346,"href":"http:\/\/www.19paulfort.com\/galerie\/index.php\/wp-json\/wp\/v2\/posts\/9280\/revisions\/9346"}],"wp:attachment":[{"href":"http:\/\/www.19paulfort.com\/galerie\/index.php\/wp-json\/wp\/v2\/media?parent=9280"}],"wp:term":[{"taxonomy":"category","embeddable":true,"href":"http:\/\/www.19paulfort.com\/galerie\/index.php\/wp-json\/wp\/v2\/categories?post=9280"},{"taxonomy":"post_tag","embeddable":true,"href":"http:\/\/www.19paulfort.com\/galerie\/index.php\/wp-json\/wp\/v2\/tags?post=9280"}],"curies":[{"name":"wp","href":"https:\/\/api.w.org\/{rel}","templated":true}]}}