{"id":940,"date":"2016-05-25T18:25:19","date_gmt":"2016-05-25T17:25:19","guid":{"rendered":"http:\/\/www.19paulfort.com\/galerie\/?p=940"},"modified":"2017-10-16T22:19:52","modified_gmt":"2017-10-16T21:19:52","slug":"hereau-yoan","status":"publish","type":"post","link":"http:\/\/www.19paulfort.com\/galerie\/index.php\/2016\/05\/25\/hereau-yoan\/","title":{"rendered":"HEREAU Yoan \u2022"},"content":{"rendered":"<p><img loading=\"lazy\" decoding=\"async\" class=\"wp-image-5061 size-large\" src=\"http:\/\/www.19paulfort.com\/galerie\/wp-content\/uploads\/2016\/05\/Yoan-Hereau_\u00a9Philippe-Stirnweiss-1024x681.jpg\" alt=\"\" width=\"1024\" height=\"681\" srcset=\"http:\/\/www.19paulfort.com\/galerie\/wp-content\/uploads\/2016\/05\/Yoan-Hereau_\u00a9Philippe-Stirnweiss-1024x681.jpg 1024w, http:\/\/www.19paulfort.com\/galerie\/wp-content\/uploads\/2016\/05\/Yoan-Hereau_\u00a9Philippe-Stirnweiss-300x200.jpg 300w, http:\/\/www.19paulfort.com\/galerie\/wp-content\/uploads\/2016\/05\/Yoan-Hereau_\u00a9Philippe-Stirnweiss-768x511.jpg 768w, http:\/\/www.19paulfort.com\/galerie\/wp-content\/uploads\/2016\/05\/Yoan-Hereau_\u00a9Philippe-Stirnweiss-750x499.jpg 750w\" sizes=\"auto, (max-width: 1024px) 100vw, 1024px\" \/><\/p>\n<p><strong>\u00a9Philippe Stirnweiss<\/strong><\/p>\n<h1>Yoan H\u00e9reau<\/h1>\n<p><strong>Pianiste<\/strong><\/p>\n<p style=\"text-align: justify;\">Apr\u00e8s un cursus complet dans les conservatoires de Nantes, Boulogne-Billancourt et Lille, Yoan H\u00e9reau se forme au Conservatoire National Sup\u00e9rieur de Paris dans les classes de Direction de Chant (Erika Guiomar), Accompagnement Vocal (Anne Le Bozec) ainsi que celle de Musique de Chambre (Claire D\u00e9sert et Amy Flammer). Il se produit r\u00e9guli\u00e8rement en soliste, seul ou avec orchestre, ainsi qu\u2019en musique de chambre. Il est en outre un partenaire de r\u00e9cital particuli\u00e8rement appr\u00e9ci\u00e9 par les chanteurs. Ses activit\u00e9s diverses l\u2019am\u00e8nent \u00e0 collaborer avec des chefs d\u2019orchestre tels Philippe Jordan, Marc Minkowski, Daniel Harding, Philippe Herreweghe, Donato Renzetti, en France et \u00e0 l\u2019\u00e9tranger. Lui-m\u00eame attir\u00e9 par la direction d\u2019orchestre, il est chef assistant sur la production Vol Retour de Johanna Lee \u00e0 l\u2019Amphith\u00e9\u00e2tre Bastille fin 2015.<br \/>\nSoucieux de la musique d\u2019aujourd\u2019hui, il participe \u00e0 de nombreuses cr\u00e9ations\u00a0: <em>Giordano Bruno<\/em> de Francesco Filidei, <em>Aliados<\/em>\u00a0de Sebastian Rivas, <em>La Passion de Simone<\/em> de Kaija Saariaho (version de chambre), <em>Thanks to my eyes\u00a0<\/em>d\u2019Oscar Bianchi, <em>Mitsou<\/em> de Claire-M\u00e9lanie Sinnhuber, <em>Paraboles<\/em>\u00a0de Noel Lee. Il fut \u00e9galement le commanditaire de sept cr\u00e9ations autour de la po\u00e9sie de Paul Verlaine en mars 2013 au CNSMDP. Il est actuellement accompagnateur de la classe de R\u00e9pertoire Allemand de Stephan Genz au CNSMDP, et travaille r\u00e9guli\u00e8rement pour l\u2019Op\u00e9ra de Paris.<\/p>\n<hr \/>\n<p style=\"text-align: justify;\"><strong>Cet artiste a particip\u00e9 rue Paul Fort \u00e0 :<\/strong><br \/>\n&gt; <a href=\"http:\/\/www.19paulfort.com\/galerie\/index.php\/2017\/10\/16\/concert-la-passion-selon-sade-a-gindt-et-tm-18-octobre-2017\/\">Un concert \u00ab\u00a0La Passion selon Sade\u00a0\u00bb Antoine Gindt et T&amp;M, le 18 octobre 2017, avec Raquel Camarinha (soprano) et Eric Houzelot (acteur)<\/a><\/p>\n<p style=\"text-align: justify;\">&gt; <a href=\"http:\/\/www.19paulfort.com\/galerie\/index.php\/2016\/06\/01\/concert-avec-raquel-camarinha-et-yoan-hereau-12-sept-2014\/\">Un r\u00e9cital avec la soprano Raquel Camarinha le 12 septembre 2014<\/a><\/p>\n","protected":false},"excerpt":{"rendered":"<p>\u00a9Philippe Stirnweiss Yoan H\u00e9reau Pianiste Apr\u00e8s un cursus complet dans les conservatoires de Nantes, Boulogne-Billancourt et Lille, Yoan H\u00e9reau se forme au Conservatoire National Sup\u00e9rieur de Paris dans les classes de Direction de Chant (Erika Guiomar), Accompagnement Vocal (Anne Le Bozec) ainsi que celle de Musique de Chambre (Claire D\u00e9sert et Amy Flammer). Il se&hellip;<a href=\"http:\/\/www.19paulfort.com\/galerie\/index.php\/2016\/05\/25\/hereau-yoan\/\" class=\"more-link\">Continue reading <span class=\"screen-reader-text\">HEREAU Yoan \u2022<\/span><\/a><\/p>\n","protected":false},"author":1,"featured_media":0,"comment_status":"closed","ping_status":"closed","sticky":false,"template":"","format":"standard","meta":{"footnotes":""},"categories":[18,26,20,19],"tags":[],"class_list":["post-940","post","type-post","status-publish","format-standard","hentry","category-artistes-invites","category-musiciens-compositeurs","category-par-nom","category-par-pratique-artistique"],"_links":{"self":[{"href":"http:\/\/www.19paulfort.com\/galerie\/index.php\/wp-json\/wp\/v2\/posts\/940","targetHints":{"allow":["GET"]}}],"collection":[{"href":"http:\/\/www.19paulfort.com\/galerie\/index.php\/wp-json\/wp\/v2\/posts"}],"about":[{"href":"http:\/\/www.19paulfort.com\/galerie\/index.php\/wp-json\/wp\/v2\/types\/post"}],"author":[{"embeddable":true,"href":"http:\/\/www.19paulfort.com\/galerie\/index.php\/wp-json\/wp\/v2\/users\/1"}],"replies":[{"embeddable":true,"href":"http:\/\/www.19paulfort.com\/galerie\/index.php\/wp-json\/wp\/v2\/comments?post=940"}],"version-history":[{"count":11,"href":"http:\/\/www.19paulfort.com\/galerie\/index.php\/wp-json\/wp\/v2\/posts\/940\/revisions"}],"predecessor-version":[{"id":5062,"href":"http:\/\/www.19paulfort.com\/galerie\/index.php\/wp-json\/wp\/v2\/posts\/940\/revisions\/5062"}],"wp:attachment":[{"href":"http:\/\/www.19paulfort.com\/galerie\/index.php\/wp-json\/wp\/v2\/media?parent=940"}],"wp:term":[{"taxonomy":"category","embeddable":true,"href":"http:\/\/www.19paulfort.com\/galerie\/index.php\/wp-json\/wp\/v2\/categories?post=940"},{"taxonomy":"post_tag","embeddable":true,"href":"http:\/\/www.19paulfort.com\/galerie\/index.php\/wp-json\/wp\/v2\/tags?post=940"}],"curies":[{"name":"wp","href":"https:\/\/api.w.org\/{rel}","templated":true}]}}