{"id":944,"date":"2016-05-25T18:24:00","date_gmt":"2016-05-25T17:24:00","guid":{"rendered":"http:\/\/www.19paulfort.com\/galerie\/?p=944"},"modified":"2023-04-18T07:35:15","modified_gmt":"2023-04-18T06:35:15","slug":"houle-francois","status":"publish","type":"post","link":"http:\/\/www.19paulfort.com\/galerie\/index.php\/2016\/05\/25\/houle-francois\/","title":{"rendered":"HOULE Fran\u00e7ois \u2022"},"content":{"rendered":"<p><img loading=\"lazy\" decoding=\"async\" class=\"size-full wp-image-4920 aligncenter\" src=\"http:\/\/www.19paulfort.com\/galerie\/wp-content\/uploads\/2017\/06\/FrancoisHoule.jpg\" alt=\"\" width=\"667\" height=\"1000\" srcset=\"http:\/\/www.19paulfort.com\/galerie\/wp-content\/uploads\/2017\/06\/FrancoisHoule.jpg 667w, http:\/\/www.19paulfort.com\/galerie\/wp-content\/uploads\/2017\/06\/FrancoisHoule-200x300.jpg 200w\" sizes=\"auto, (max-width: 667px) 100vw, 667px\" \/><\/p>\n<h1>Fran\u00e7ois HOULE<\/h1>\n<p><strong>Clarinettiste, compositeur, improvisateur<\/strong><\/p>\n<p class=\"p1\" style=\"text-align: justify;\">Natif de la r\u00e9gion de Montr\u00e9al, le clarinettiste\/compositeur\/improvisateur Fran\u00e7ois Houle est dipl\u00f4m\u00e9 de l&rsquo;Universit\u00e9 McGill et de la Yale School of Music o\u00f9 il obtient sa ma\u00eetrise en interpr\u00e9tation ainsi que la prestigieuse bourse \u00ab\u00a0Benny Goodman Memorial\u00a0\u00bb. Il a \u00e9tudi\u00e9 avec plusieurs ma\u00eetres dont Emilio Iacurto, Keith Wilson, William O. Smith et Alan Hacker. Il a particip\u00e9 aux classes de ma\u00eetre de David Schiffrin et Richard Stoltzman \u00e0 Yale, et de Guy Deplus \u00e0 Paris.Laur\u00e9at de la s\u00e9rie \u00ab\u00a0D\u00e9but\u00a0\u00bb de Montr\u00e9al, F. Houle a \u00e9t\u00e9 r\u00e9sident au Banff Centre for the Arts pendant deux ans. Il a ensuite poursuivi \u00e0 travers l\u2019Europe des recherches organologiques reli\u00e9es \u00e0 son instrument en tant que boursier du Conseil des Arts du Canada et du FCAR.<\/p>\n<p class=\"p1\" style=\"text-align: justify;\">Le clarinettiste Fran\u00e7ois Houle est aujourd\u2019hui reconnu comme l\u2019un des musiciens les plus inventifs, et ce, dans toutes les sph\u00e8res musicales o\u00f9 il \u00e9volue: le classique, le jazz, la musique contemporaine, la musique improvis\u00e9e et les musiques du monde. Ses nombreuses tourn\u00e9es l\u2019ont amen\u00e9 \u00e0 jouer en solo dans des festivals d\u2019importance un peu partout au Canada, aux \u00c9tats-Unis et en Europe ; de plus, sa discographie compte plus d\u2019une douzaine de titres qui ont fait l\u2019objet de multiples nominations aux prix Juno et aux West Coast Music Awards. Inspir\u00e9 par ses collaborations avec les meilleurs avant-gardistes musicaux du monde, Fran\u00e7ois a d\u00e9velopp\u00e9 un langage improvis\u00e9 unique, virtuose et riche d\u2019embellissements sonores et de techniques \u00e9largies. En tant que soliste et chambriste, il a particip\u00e9 activement au d\u00e9veloppement du r\u00e9pertoire de clarinette en passant des commandes aupr\u00e8s des meilleurs compositeurs du Canada et d\u2019ailleurs, puis en cr\u00e9ant plus de cent \u0153uvres nouvelles. Fran\u00e7ois a d\u2019abord \u00e9tudi\u00e9 \u00e0 l\u2019universit\u00e9 McGill avant de remporter le concours National Debut et de terminer ses \u00e9tudes \u00e0 l\u2019universit\u00e9 Yale. Il a \u00e9t\u00e9 artiste en r\u00e9sidence au Banff Centre for the Arts et \u00e0 la fondation Civitella Ranieri, en Italie, puis a \u00e9t\u00e9 le soliste principal invit\u00e9 aux ClarinetFests de l\u2019International Clarinet Association en 2007 et 2008. Il est membre de la facult\u00e9 \u00e0 la Vancouver Community College School of Music. Depuis 2006, il est directeur artistique du Vancouver CreativeMusic Institute.<\/p>\n<hr \/>\n<p><strong>Cet artiste a particip\u00e9 au 19Paul Fort \u00e0 :<\/strong><\/p>\n<p><strong>&#8211;\u00a0 Un concert en trio avec Jo\u00eblle L\u00e9andre (contrebasse) et Mark Sanders (batterie) le 2 mai 2023.<\/strong><br \/>\n<a href=\"http:\/\/www.19paulfort.com\/galerie\/index.php\/2023\/04\/18\/concert-trio-francois-houle-clarinette-joelle-leandre-contrebrasse-mark-sanders-batterie-2-mai-2023\/\">&gt; Lien vers l&rsquo;\u00e9v\u00e9nement<\/a><strong><br \/>\n<\/strong><\/p>\n<p><strong>Un concert avec Beno\u00eet Delbecq, Gordon Grdina et Kenton Loewen, le 17 juin 2017<\/strong><br \/>\n<a href=\"http:\/\/www.19paulfort.com\/galerie\/index.php\/2017\/06\/11\/concert-b-delbecq-g-grdina-f-houle-k-loewen-17-juin-2017\/\">&gt; Lien vers l&rsquo;\u00e9v\u00e9nement<\/a><strong><br \/>\n<\/strong><\/p>\n<p><strong>Un concert en trio avec la contrebassiste Jo\u00eblle L\u00e9andre, le 24 novembre 2013<\/strong><br \/>\n<a title=\"Trio LDH\" href=\"http:\/\/19paulfort.com\/index.php?option=com_content&amp;view=article&amp;id=195&amp;Itemid=180&amp;lang=fr\">&gt; Lien vers l&rsquo;\u00e9v\u00e9nement<\/a><\/p>\n<p><strong>Un concert en duo avec la contrebassiste Jo\u00eblle L\u00e9andre, le 20 avril 2012<\/strong><br \/>\n<a href=\"http:\/\/19paulfort.com\/index.php?option=com_content&amp;view=article&amp;id=81:duo-leandre-houle&amp;catid=38&amp;Itemid=161&amp;lang=fr\">&gt; Lien vers l&rsquo;\u00e9v\u00e9nement<\/a><\/p>\n","protected":false},"excerpt":{"rendered":"<p>Fran\u00e7ois HOULE Clarinettiste, compositeur, improvisateur Natif de la r\u00e9gion de Montr\u00e9al, le clarinettiste\/compositeur\/improvisateur Fran\u00e7ois Houle est dipl\u00f4m\u00e9 de l&rsquo;Universit\u00e9 McGill et de la Yale School of Music o\u00f9 il obtient sa ma\u00eetrise en interpr\u00e9tation ainsi que la prestigieuse bourse \u00ab\u00a0Benny Goodman Memorial\u00a0\u00bb. Il a \u00e9tudi\u00e9 avec plusieurs ma\u00eetres dont Emilio Iacurto, Keith Wilson, William O.&hellip;<a href=\"http:\/\/www.19paulfort.com\/galerie\/index.php\/2016\/05\/25\/houle-francois\/\" class=\"more-link\">Continue reading <span class=\"screen-reader-text\">HOULE Fran\u00e7ois \u2022<\/span><\/a><\/p>\n","protected":false},"author":1,"featured_media":0,"comment_status":"closed","ping_status":"closed","sticky":false,"template":"","format":"standard","meta":{"footnotes":""},"categories":[18,26,20,19],"tags":[],"class_list":["post-944","post","type-post","status-publish","format-standard","hentry","category-artistes-invites","category-musiciens-compositeurs","category-par-nom","category-par-pratique-artistique"],"_links":{"self":[{"href":"http:\/\/www.19paulfort.com\/galerie\/index.php\/wp-json\/wp\/v2\/posts\/944","targetHints":{"allow":["GET"]}}],"collection":[{"href":"http:\/\/www.19paulfort.com\/galerie\/index.php\/wp-json\/wp\/v2\/posts"}],"about":[{"href":"http:\/\/www.19paulfort.com\/galerie\/index.php\/wp-json\/wp\/v2\/types\/post"}],"author":[{"embeddable":true,"href":"http:\/\/www.19paulfort.com\/galerie\/index.php\/wp-json\/wp\/v2\/users\/1"}],"replies":[{"embeddable":true,"href":"http:\/\/www.19paulfort.com\/galerie\/index.php\/wp-json\/wp\/v2\/comments?post=944"}],"version-history":[{"count":12,"href":"http:\/\/www.19paulfort.com\/galerie\/index.php\/wp-json\/wp\/v2\/posts\/944\/revisions"}],"predecessor-version":[{"id":10935,"href":"http:\/\/www.19paulfort.com\/galerie\/index.php\/wp-json\/wp\/v2\/posts\/944\/revisions\/10935"}],"wp:attachment":[{"href":"http:\/\/www.19paulfort.com\/galerie\/index.php\/wp-json\/wp\/v2\/media?parent=944"}],"wp:term":[{"taxonomy":"category","embeddable":true,"href":"http:\/\/www.19paulfort.com\/galerie\/index.php\/wp-json\/wp\/v2\/categories?post=944"},{"taxonomy":"post_tag","embeddable":true,"href":"http:\/\/www.19paulfort.com\/galerie\/index.php\/wp-json\/wp\/v2\/tags?post=944"}],"curies":[{"name":"wp","href":"https:\/\/api.w.org\/{rel}","templated":true}]}}