{"id":952,"date":"2016-05-25T17:34:19","date_gmt":"2016-05-25T16:34:19","guid":{"rendered":"http:\/\/www.19paulfort.com\/galerie\/?p=952"},"modified":"2019-02-20T09:26:12","modified_gmt":"2019-02-20T08:26:12","slug":"lehman-damien","status":"publish","type":"post","link":"http:\/\/www.19paulfort.com\/galerie\/index.php\/2016\/05\/25\/lehman-damien\/","title":{"rendered":"LEHMAN Damien \u2022"},"content":{"rendered":"<h1><img decoding=\"async\" class=\"aligncenter\" title=\"d.lehman\" src=\"http:\/\/19paulfort.com\/images\/stories\/artistes\/dsc0012.jpg\" alt=\"images\/stories\/artistes\/dsc0012.jpg\" border=\"0\" \/><\/h1>\n<h1>Damien LEHMAN<\/h1>\n<p><strong>Pianiste<\/strong><\/p>\n<p style=\"text-align: justify;\">Diplom\u00e9 du CNSM (direction de chant), il y enseigne le r\u00e9pertoire lyrique et y accompagne les nombreux stages et master-classes donn\u00e9es par de prestigieux artistes: Gary Hoffman, G\u00e9rard Poulet, Alain Moglia, Noelle Barker, R\u00e9gine Crespin, Christianne Eda-Pierre.<\/p>\n<p style=\"text-align: justify;\">Son activit\u00e9 de chef de chant s&rsquo;est ensuite d\u00e9velopp\u00e9e aupr\u00e8s de chefs d&rsquo;orchestre tels que Michel Lapl\u00e9nie, Amine Kouider, olivier Reboul, Oswald Sallaberger, Marc Soustrot, Alain Altinoglu, Georges Pr\u00eatre, Antonello Alemandi, Emmanuel Villaume et de metteurs en sc\u00e8ne tels que Guy Coutance, Petricka Ionesco, Lukas Hemleb, Mireille Laroche, Jean-Claude Fall, Ca\u00efo Gaiarsa.<\/p>\n<p style=\"text-align: justify;\">Il poursuit \u00e9galement une activit\u00e9 de concertiste, et se produit r\u00e9guli\u00e8rement en soliste, musique de chambre, ou duo piano-chant, en France et \u00e0 l&rsquo;\u00e9tranger. Damien Lehman est \u00e9galement compositeur : de nombreuses pi\u00e8ces pour piano, des m\u00e9lodies, des pi\u00e8ces de musique de chambre, donn\u00e9es en r\u00e9cital. Son travail autour de l&rsquo;art lyrique l&rsquo;a aussi conduit \u00e0 m\u00e9langer sa musique \u00e0 d&rsquo;autres arts: le th\u00e9\u00e2tre, le cin\u00e9ma et la danse. Son langage musical int\u00e8gre des \u00e9l\u00e8ments emprunt\u00e9s \u00e0 la tradition iranienne, dont il pratique la principale percussion : le zarb.<\/p>\n<hr \/>\n<p style=\"text-align: justify;\"><strong>Cet artiste a particip\u00e9\u00a0 rue Paul Fort \u00e0 :<\/strong><\/p>\n<p style=\"text-align: justify;\">Un concert, en avril 2011. autour du projet \u00ab\u00a0Ring Saga\u00a0\u00bb (T&amp;M, Antoine Gindt)<br \/>\n&gt;\u00a0<a href=\"http:\/\/www.19paulfort.com\/galerie\/index.php\/2016\/05\/25\/concert-t-m-fabrice-dalis-et-damien-lehman-avr-2011\/\">Lien vers l&rsquo;\u00e9v\u00e8nement<\/a><\/p>\n<p>&nbsp;<\/p>\n","protected":false},"excerpt":{"rendered":"<p>Damien LEHMAN Pianiste Diplom\u00e9 du CNSM (direction de chant), il y enseigne le r\u00e9pertoire lyrique et y accompagne les nombreux stages et master-classes donn\u00e9es par de prestigieux artistes: Gary Hoffman, G\u00e9rard Poulet, Alain Moglia, Noelle Barker, R\u00e9gine Crespin, Christianne Eda-Pierre. Son activit\u00e9 de chef de chant s&rsquo;est ensuite d\u00e9velopp\u00e9e aupr\u00e8s de chefs d&rsquo;orchestre tels que&hellip;<a href=\"http:\/\/www.19paulfort.com\/galerie\/index.php\/2016\/05\/25\/lehman-damien\/\" class=\"more-link\">Continue reading <span class=\"screen-reader-text\">LEHMAN Damien \u2022<\/span><\/a><\/p>\n","protected":false},"author":1,"featured_media":0,"comment_status":"closed","ping_status":"closed","sticky":false,"template":"","format":"standard","meta":{"footnotes":""},"categories":[18,26,20,19],"tags":[],"class_list":["post-952","post","type-post","status-publish","format-standard","hentry","category-artistes-invites","category-musiciens-compositeurs","category-par-nom","category-par-pratique-artistique"],"_links":{"self":[{"href":"http:\/\/www.19paulfort.com\/galerie\/index.php\/wp-json\/wp\/v2\/posts\/952","targetHints":{"allow":["GET"]}}],"collection":[{"href":"http:\/\/www.19paulfort.com\/galerie\/index.php\/wp-json\/wp\/v2\/posts"}],"about":[{"href":"http:\/\/www.19paulfort.com\/galerie\/index.php\/wp-json\/wp\/v2\/types\/post"}],"author":[{"embeddable":true,"href":"http:\/\/www.19paulfort.com\/galerie\/index.php\/wp-json\/wp\/v2\/users\/1"}],"replies":[{"embeddable":true,"href":"http:\/\/www.19paulfort.com\/galerie\/index.php\/wp-json\/wp\/v2\/comments?post=952"}],"version-history":[{"count":5,"href":"http:\/\/www.19paulfort.com\/galerie\/index.php\/wp-json\/wp\/v2\/posts\/952\/revisions"}],"predecessor-version":[{"id":7163,"href":"http:\/\/www.19paulfort.com\/galerie\/index.php\/wp-json\/wp\/v2\/posts\/952\/revisions\/7163"}],"wp:attachment":[{"href":"http:\/\/www.19paulfort.com\/galerie\/index.php\/wp-json\/wp\/v2\/media?parent=952"}],"wp:term":[{"taxonomy":"category","embeddable":true,"href":"http:\/\/www.19paulfort.com\/galerie\/index.php\/wp-json\/wp\/v2\/categories?post=952"},{"taxonomy":"post_tag","embeddable":true,"href":"http:\/\/www.19paulfort.com\/galerie\/index.php\/wp-json\/wp\/v2\/tags?post=952"}],"curies":[{"name":"wp","href":"https:\/\/api.w.org\/{rel}","templated":true}]}}