{"id":9609,"date":"2021-12-02T20:30:33","date_gmt":"2021-12-02T19:30:33","guid":{"rendered":"http:\/\/www.19paulfort.com\/galerie\/?p=9609"},"modified":"2021-12-15T11:56:40","modified_gmt":"2021-12-15T10:56:40","slug":"monroy-amaris","status":"publish","type":"post","link":"http:\/\/www.19paulfort.com\/galerie\/index.php\/2021\/12\/02\/monroy-amaris\/","title":{"rendered":"MONROY Amaris \u2022"},"content":{"rendered":"<h1><img loading=\"lazy\" decoding=\"async\" class=\"aligncenter wp-image-9695 size-large\" src=\"http:\/\/www.19paulfort.com\/galerie\/wp-content\/uploads\/2021\/12\/Resized_20211212_153739-768x1024.jpg\" alt=\"\" width=\"768\" height=\"1024\" srcset=\"http:\/\/www.19paulfort.com\/galerie\/wp-content\/uploads\/2021\/12\/Resized_20211212_153739-768x1024.jpg 768w, http:\/\/www.19paulfort.com\/galerie\/wp-content\/uploads\/2021\/12\/Resized_20211212_153739-225x300.jpg 225w, http:\/\/www.19paulfort.com\/galerie\/wp-content\/uploads\/2021\/12\/Resized_20211212_153739-750x1000.jpg 750w, http:\/\/www.19paulfort.com\/galerie\/wp-content\/uploads\/2021\/12\/Resized_20211212_153739.jpg 1080w\" sizes=\"auto, (max-width: 768px) 100vw, 768px\" \/><br \/>\nAramis MONROY<\/h1>\n<p style=\"text-align: justify;\"><strong>Violoniste<\/strong><\/p>\n<p style=\"text-align: justify;\"><img loading=\"lazy\" decoding=\"async\" class=\"alignleft wp-image-9625 size-medium\" src=\"http:\/\/www.19paulfort.com\/galerie\/wp-content\/uploads\/2021\/12\/IMG_9396-300x200.jpg\" alt=\"\" width=\"300\" height=\"200\" srcset=\"http:\/\/www.19paulfort.com\/galerie\/wp-content\/uploads\/2021\/12\/IMG_9396-300x200.jpg 300w, http:\/\/www.19paulfort.com\/galerie\/wp-content\/uploads\/2021\/12\/IMG_9396-1024x683.jpg 1024w, http:\/\/www.19paulfort.com\/galerie\/wp-content\/uploads\/2021\/12\/IMG_9396-768x512.jpg 768w, http:\/\/www.19paulfort.com\/galerie\/wp-content\/uploads\/2021\/12\/IMG_9396-1536x1024.jpg 1536w, http:\/\/www.19paulfort.com\/galerie\/wp-content\/uploads\/2021\/12\/IMG_9396-2048x1365.jpg 2048w, http:\/\/www.19paulfort.com\/galerie\/wp-content\/uploads\/2021\/12\/IMG_9396-750x500.jpg 750w\" sizes=\"auto, (max-width: 300px) 100vw, 300px\" \/>Aramis est un jeune musicien Franco-Mexicain.\u00a0Il commence le violon \u00e0 l\u2019\u00e2ge de 5 ans avec Serge Dutrieux puis poursuit ses \u00e9tudes\u00a0au conservatoire Hector Berlioz \u00e0 Paris avec Dominique Juchors.\u00a0Diplom\u00e9 du CRR de Paris, il part \u00e9tudier dans la classe d\u2019Ann-Estelle Medouze\u00a0(Supersoliste de l\u2019Orchestre National d\u2019\u00cele-de-France) au P\u00f4le Sup\u201993, puis se\u00a0perfectionne aupr\u00e8s de Jean-Marc Phillips-Varjab\u00e9dian au Conservatoire National\u00a0Sup\u00e9rieur de Musique et de Danse de Paris.\u00a0Il suit les conseils, aussi bien en musique classique qu\u2019en musiques actuelles,\u00a0d\u2019Alexis Cardenas, Vincent S\u00e9gal, Nicolas Dautricourt, Patrice Fontanarosa, Naaman\u00a0Sluchin, Guillaume Chilemme, Fabien Boudot.\u00a0Aramis participe en tant que tuttiste, chef d\u2019attaque ou encore soliste \u00e0 de nombreux\u00a0orchestres, notamment, l\u2019Orchestre de Paris, l\u2019Orchestre National d\u2019\u00eele-de-France,\u00a0Les Si\u00e8cles, l\u2019Orchestre National de Bretagne, l\u2019Orchestre Fran\u00e7ais des Jeunes,\u00a0l\u2019Orchestre des Laur\u00e9ats du Conservatoire, l\u2019Orchestre des Jeunes d\u2019\u00eele-de- France&#8230;\u00a0Aramis int\u00e8gre en 2014 la compagnie de th\u00e9\u00e2tre le Grenier de Babouchka, o\u00f9 il\u00a0officie en tant que violoniste de sc\u00e8ne dans les pi\u00e8ces <em>\u00ab Cyrano de Bergerac \u00bb\u00a0<\/em>(TTT T\u00e9l\u00e9rama) et<em> \u00ab Le Cid \u00bb<\/em>, dans des mises en sc\u00e8ne de Jean-Philippe Daguerre\u00a0(4 moli\u00e8res 2018).\u00a0Grand passionn\u00e9 de toutes les musiques, Aramis \u00e9tudie aussi le piano et la batterie et\u00a0se produit r\u00e9guli\u00e8rement dans diff\u00e9rents projets au styles \u00e9clectiques.\u00a0Il est le batteur du groupe de rock <em>Ptit Rockeur Tri<\/em>o, pianiste, violoniste et arrangeur\u00a0pour Cathy Cardie, violoniste pour <em>El Mariachi Mezcal<\/em> (musique mexicaine),\u00a0violoniste pour la chanteuse Nabila Dali (musique berbero-celtique), ou encore,\u00a0batteur pour <em>La Famiglia Rubinetti<\/em>, groupe de cumbia\/klezmer.\u00a0Habitu\u00e9 des studios, Aramis participe \u00e0 des nombreux enregistrements (MC Solaar,\u00a0Jean-Louis Aubert, Tom Frager, Cyril Mokaiesh, Arcadian, Jehro &#8230;)\u00a0Aramis joue un violon en bois d\u2019arbre v\u00e9ritable, gracieusement pr\u00eat\u00e9 par\u00a0la fondation <em>Maman&amp;Papa.<br \/>\n<\/em><\/p>\n<hr \/>\n<p style=\"text-align: justify;\"><strong>Cet artiste a particip\u00e9 au 19 Paul Fort \u00e0 \u00a0:<\/strong><br \/>\n<a href=\"http:\/\/www.19paulfort.com\/galerie\/index.php\/2021\/12\/02\/concert-integrale-des-sonates-de-beethoven-pour-violon-et-piano-2e-episode-12-decembre-2021\/\">&#8211; un concert \u00ab\u00a0Int\u00e9grale des sonates de Beethoven\u00a0pour violon et piano\u00a0\u00bb, avec Timoth\u00e9e Urbain, piano, le\u00a012 d\u00e9cembre 2021<\/a><\/p>\n","protected":false},"excerpt":{"rendered":"<p>Aramis MONROY Violoniste Aramis est un jeune musicien Franco-Mexicain.\u00a0Il commence le violon \u00e0 l\u2019\u00e2ge de 5 ans avec Serge Dutrieux puis poursuit ses \u00e9tudes\u00a0au conservatoire Hector Berlioz \u00e0 Paris avec Dominique Juchors.\u00a0Diplom\u00e9 du CRR de Paris, il part \u00e9tudier dans la classe d\u2019Ann-Estelle Medouze\u00a0(Supersoliste de l\u2019Orchestre National d\u2019\u00cele-de-France) au P\u00f4le Sup\u201993, puis se\u00a0perfectionne aupr\u00e8s de&hellip;<a href=\"http:\/\/www.19paulfort.com\/galerie\/index.php\/2021\/12\/02\/monroy-amaris\/\" class=\"more-link\">Continue reading <span class=\"screen-reader-text\">MONROY Amaris \u2022<\/span><\/a><\/p>\n","protected":false},"author":1,"featured_media":0,"comment_status":"closed","ping_status":"closed","sticky":false,"template":"","format":"standard","meta":{"footnotes":""},"categories":[18,26,20,19],"tags":[],"class_list":["post-9609","post","type-post","status-publish","format-standard","hentry","category-artistes-invites","category-musiciens-compositeurs","category-par-nom","category-par-pratique-artistique"],"_links":{"self":[{"href":"http:\/\/www.19paulfort.com\/galerie\/index.php\/wp-json\/wp\/v2\/posts\/9609","targetHints":{"allow":["GET"]}}],"collection":[{"href":"http:\/\/www.19paulfort.com\/galerie\/index.php\/wp-json\/wp\/v2\/posts"}],"about":[{"href":"http:\/\/www.19paulfort.com\/galerie\/index.php\/wp-json\/wp\/v2\/types\/post"}],"author":[{"embeddable":true,"href":"http:\/\/www.19paulfort.com\/galerie\/index.php\/wp-json\/wp\/v2\/users\/1"}],"replies":[{"embeddable":true,"href":"http:\/\/www.19paulfort.com\/galerie\/index.php\/wp-json\/wp\/v2\/comments?post=9609"}],"version-history":[{"count":10,"href":"http:\/\/www.19paulfort.com\/galerie\/index.php\/wp-json\/wp\/v2\/posts\/9609\/revisions"}],"predecessor-version":[{"id":9696,"href":"http:\/\/www.19paulfort.com\/galerie\/index.php\/wp-json\/wp\/v2\/posts\/9609\/revisions\/9696"}],"wp:attachment":[{"href":"http:\/\/www.19paulfort.com\/galerie\/index.php\/wp-json\/wp\/v2\/media?parent=9609"}],"wp:term":[{"taxonomy":"category","embeddable":true,"href":"http:\/\/www.19paulfort.com\/galerie\/index.php\/wp-json\/wp\/v2\/categories?post=9609"},{"taxonomy":"post_tag","embeddable":true,"href":"http:\/\/www.19paulfort.com\/galerie\/index.php\/wp-json\/wp\/v2\/tags?post=9609"}],"curies":[{"name":"wp","href":"https:\/\/api.w.org\/{rel}","templated":true}]}}