{"id":965,"date":"2016-05-24T17:54:35","date_gmt":"2016-05-24T16:54:35","guid":{"rendered":"http:\/\/www.19paulfort.com\/galerie\/?p=965"},"modified":"2019-06-20T20:36:47","modified_gmt":"2019-06-20T19:36:47","slug":"merville-francois","status":"publish","type":"post","link":"http:\/\/www.19paulfort.com\/galerie\/index.php\/2016\/05\/24\/merville-francois\/","title":{"rendered":"MERVILLE Fran\u00e7ois \u2022"},"content":{"rendered":"<h1><img loading=\"lazy\" decoding=\"async\" class=\"aligncenter size-full wp-image-7753\" src=\"http:\/\/www.19paulfort.com\/galerie\/wp-content\/uploads\/2016\/05\/FrancoisMerville.jpg\" alt=\"\" width=\"457\" height=\"753\" srcset=\"http:\/\/www.19paulfort.com\/galerie\/wp-content\/uploads\/2016\/05\/FrancoisMerville.jpg 457w, http:\/\/www.19paulfort.com\/galerie\/wp-content\/uploads\/2016\/05\/FrancoisMerville-182x300.jpg 182w\" sizes=\"auto, (max-width: 457px) 100vw, 457px\" \/><br \/>\nFran\u00e7ois Merville<\/h1>\n<p><strong>Batteur<\/strong><\/p>\n<p style=\"text-align: justify;\">Fran\u00e7ois Merville commence la musique \u00e0 l\u2019\u00e2ge de sept ans. Il \u00e9tudie le piano, l\u2019harmonie et la percussion. Il remporte les prix d\u2019excellence et de virtuosit\u00e9 de percussion au CRR de Paris en 1987-1988 et int\u00e8gre l\u2019ann\u00e9e suivante le CNSM de Paris, en classe de percussion. Il en sortira trois ans plus tard avec deux premiers prix : le premier prix de percussion et le premier prix de musique de chambre.<br \/>\nRapidement sollicit\u00e9 pour participer \u00e0 des projets vari\u00e9s, il participe en 1991 \u00e0 une tourn\u00e9e de L\u2019Ensemble Inter Contemporain sous la direction de Pierre Boulez et collabore \u00e0 la cr\u00e9ation d\u2019une \u0153uvre de Stockhausen pour saxophones, percussions et synth\u00e9tiseur donn\u00e9e \u00e0 Paris et Bruxelles.<br \/>\nParall\u00e8lement il fait ses d\u00e9buts dans le jazz avec Jacky Terrasson et fonde en 1988 avec David Chevallier le groupe Palantiri. Il devient membre du quartet de No\u00ebl Akchote et de celui de Bojan Zulfikarpasic. Avec ce dernier il remporte le premier prix de formation au concours national de jazz de la D\u00e9fense en 1992. Ce groupe, apr\u00e8s de nombreux concerts et l\u2019enregistrement de deux disques existera pr\u00e8s de sept ans.<br \/>\nA partir de 1993, Fran\u00e7ois Merville choisit de se consacrer exclusivement au jazz. Partenaires de nombreux musiciens, comptant parmi eux Martial Solal, Michel Portal, Dave Douglas, Django Bates, Ray Anderson, Marc Ducret, Vincent Courtois, Dominique Pifarely, Denis Badault, Andy Emler, Laurent Dehors, Jean-Marie Machado,<br \/>\nIl est depuis 1994 de tous les projets du clarinettiste Louis Sclavis, du trio \u00e0 son dernier quintet \u00ab Lost on the way \u00bb. Membre du collectif Polysons de 1993 \u00e0 2003, Il monte sa premi\u00e8re formation en 1995. On y trouve S\u00e9bastien Texier, Guillaume Orti, Vincent Segal et Fran\u00e7ois Thuillier. Participant ensuite r\u00e9guli\u00e8rement \u00e0 diff\u00e9rents projets avec la danse, le th\u00e9\u00e2tre ou le cirque, il travaille et enregistre avec le chanteur Thomas Fersen.<br \/>\nEn 2003, il int\u00e8gre la ZAM, un collectif d\u2019artistes avec notamment Olivier Sens et Vincent Courtois. Il compose et dirige cette m\u00eame ann\u00e9e avec Eric Lareine le spectacle musical \u00ab Marthe et Marie Merveille Chantent Fascination \u00bb, commande de la FNEIJMA.<br \/>\nDeux nouveaux projets naissent en 2004, le duo Bat-Jong avec le jongleur Vincent Berhault (spectacle cr\u00e9\u00e9 \u00e0 la sc\u00e8ne nationale de Montbeliard en 2005) et un nouveau quartet, \u00ab O Mago Hermeto \u00bb, d\u00e9di\u00e9 \u00e0 la musique d\u2019Hermeto Pascoal, avec Christophe Monniot, Gilles Coronado et Nicolas Le Moullec. Saison 2009-2010, il est artiste en r\u00e9sidence au th\u00e9\u00e2tre d\u2019Auxerre pour le projet \u00ab K danse \u00bb.<br \/>\nEn 2010, il codirige avec le balafoniste Burkinabe Moussa Hema, un projet de cr\u00e9ation de 9 musiciens appel\u00e9 \u00ab Sya \u00bb, co-produit par le festival Africolor, la sc\u00e8ne nationale de Saint Quentin en Yvelines et la maison de la musique \u00e0 Nanterre.<br \/>\nActuellement, il participe notamment aux formations de Jean-Marie Machado, Dominique Pifar\u00e9ly et Denis Colin.<\/p>\n<hr \/>\n<p><strong>Cet artiste a particip\u00e9 rue Paul Fort \u00e0 :<br \/>\n<\/strong><\/p>\n<p>Un concert du Dominique Pifar\u00e9ly Quartet le 6 juillet 2017.<\/p>\n<p><a href=\"http:\/\/www.19paulfort.com\/galerie\/index.php\/2017\/07\/04\/concert-pifarely-quartet-6-juillet-2017\/\">&gt;\u00a0Lien vers le concert<\/a><\/p>\n<p>Un concert du Dominique Pifar\u00e9ly Quartet le 20 juin 2014.<\/p>\n<p><a href=\"http:\/\/www.19paulfort.com\/galerie\/index.php\/2016\/05\/25\/concert-de-dominique-pifarely-quartet\/\">&gt;\u00a0Lien vers le concert<\/a><\/p>\n","protected":false},"excerpt":{"rendered":"<p>Fran\u00e7ois Merville Batteur Fran\u00e7ois Merville commence la musique \u00e0 l\u2019\u00e2ge de sept ans. Il \u00e9tudie le piano, l\u2019harmonie et la percussion. Il remporte les prix d\u2019excellence et de virtuosit\u00e9 de percussion au CRR de Paris en 1987-1988 et int\u00e8gre l\u2019ann\u00e9e suivante le CNSM de Paris, en classe de percussion. Il en sortira trois ans plus&hellip;<a href=\"http:\/\/www.19paulfort.com\/galerie\/index.php\/2016\/05\/24\/merville-francois\/\" class=\"more-link\">Continue reading <span class=\"screen-reader-text\">MERVILLE Fran\u00e7ois \u2022<\/span><\/a><\/p>\n","protected":false},"author":1,"featured_media":0,"comment_status":"closed","ping_status":"closed","sticky":false,"template":"","format":"standard","meta":{"footnotes":""},"categories":[18,26,20,19],"tags":[],"class_list":["post-965","post","type-post","status-publish","format-standard","hentry","category-artistes-invites","category-musiciens-compositeurs","category-par-nom","category-par-pratique-artistique"],"_links":{"self":[{"href":"http:\/\/www.19paulfort.com\/galerie\/index.php\/wp-json\/wp\/v2\/posts\/965","targetHints":{"allow":["GET"]}}],"collection":[{"href":"http:\/\/www.19paulfort.com\/galerie\/index.php\/wp-json\/wp\/v2\/posts"}],"about":[{"href":"http:\/\/www.19paulfort.com\/galerie\/index.php\/wp-json\/wp\/v2\/types\/post"}],"author":[{"embeddable":true,"href":"http:\/\/www.19paulfort.com\/galerie\/index.php\/wp-json\/wp\/v2\/users\/1"}],"replies":[{"embeddable":true,"href":"http:\/\/www.19paulfort.com\/galerie\/index.php\/wp-json\/wp\/v2\/comments?post=965"}],"version-history":[{"count":6,"href":"http:\/\/www.19paulfort.com\/galerie\/index.php\/wp-json\/wp\/v2\/posts\/965\/revisions"}],"predecessor-version":[{"id":7754,"href":"http:\/\/www.19paulfort.com\/galerie\/index.php\/wp-json\/wp\/v2\/posts\/965\/revisions\/7754"}],"wp:attachment":[{"href":"http:\/\/www.19paulfort.com\/galerie\/index.php\/wp-json\/wp\/v2\/media?parent=965"}],"wp:term":[{"taxonomy":"category","embeddable":true,"href":"http:\/\/www.19paulfort.com\/galerie\/index.php\/wp-json\/wp\/v2\/categories?post=965"},{"taxonomy":"post_tag","embeddable":true,"href":"http:\/\/www.19paulfort.com\/galerie\/index.php\/wp-json\/wp\/v2\/tags?post=965"}],"curies":[{"name":"wp","href":"https:\/\/api.w.org\/{rel}","templated":true}]}}