{"id":9717,"date":"2021-12-19T10:58:10","date_gmt":"2021-12-19T09:58:10","guid":{"rendered":"http:\/\/www.19paulfort.com\/galerie\/?p=9717"},"modified":"2025-03-01T08:41:19","modified_gmt":"2025-03-01T07:41:19","slug":"concert-integrale-des-sonates-de-beethoven-pour-violon-et-piano-3e-episode-sonates-3-9-a-kreutzer-et-10-8-et-9-janvier-2022","status":"publish","type":"post","link":"http:\/\/www.19paulfort.com\/galerie\/index.php\/2021\/12\/19\/concert-integrale-des-sonates-de-beethoven-pour-violon-et-piano-3e-episode-sonates-3-9-a-kreutzer-et-10-8-et-9-janvier-2022\/","title":{"rendered":"01 &#8211; 08 \/ 09 janvier &#8211; Concert &#8211; Int\u00e9grale des sonates de Beethoven pour violon et piano,\u00a03e \u00e9pisode"},"content":{"rendered":"<h1 style=\"text-align: left;\">Int\u00e9grale des sonates de Beethoven<br \/>\npour violon et piano,\u00a03e \u00e9pisode<br \/>\n<span style=\"color: #ff0000;\">Sonates 3, 9 (\u00e0 Kreutzer), et 10<\/span><\/h1>\n<p style=\"text-align: left;\"><strong>8 et\u00a09 janvier 2022<\/strong><\/p>\n<p><img loading=\"lazy\" decoding=\"async\" class=\"aligncenter size-full wp-image-9743\" src=\"http:\/\/www.19paulfort.com\/galerie\/wp-content\/uploads\/2021\/12\/Sluchin-Lepape-1.png\" alt=\"\" width=\"798\" height=\"725\" srcset=\"http:\/\/www.19paulfort.com\/galerie\/wp-content\/uploads\/2021\/12\/Sluchin-Lepape-1.png 798w, http:\/\/www.19paulfort.com\/galerie\/wp-content\/uploads\/2021\/12\/Sluchin-Lepape-1-300x273.png 300w, http:\/\/www.19paulfort.com\/galerie\/wp-content\/uploads\/2021\/12\/Sluchin-Lepape-1-768x698.png 768w, http:\/\/www.19paulfort.com\/galerie\/wp-content\/uploads\/2021\/12\/Sluchin-Lepape-1-750x681.png 750w\" sizes=\"auto, (max-width: 798px) 100vw, 798px\" \/><\/p>\n<p style=\"text-align: center;\">Concert pr\u00e9c\u00e9d\u00e9 d&rsquo;une conf\u00e9rence donn\u00e9e\u00a0par<strong>\u00a0<span style=\"color: #ff0000;\">\u00c9lisabeth BRISSON<\/span><\/strong><br \/>\nhistorienne, conf\u00e9renci\u00e8re et auteure, sp\u00e9cialiste de Beethoven<br \/>\nTh\u00e8me de la conf\u00e9rence :<br \/>\n<strong>&#8211; Du mythe \u00e0 l&rsquo;homme &#8211;<\/strong><\/p>\n<p style=\"text-align: justify;\">L&rsquo;int\u00e9grale des sonates pour piano et violon de Beethoven s&rsquo;ach\u00e8ve avec ce 3\u00e8me \u00e9pisode et permet de c\u00e9l\u00e9brer, avec deux ans de retard, le 150e\u00a0anniversaire de la naissance de Beethoven.\u00a0<strong>Naaman Sluchin<\/strong> et<strong> Julien Le Pape<\/strong> s&rsquo;attaquent \u00e0 trois chefs d&rsquo;oeuvre du compositeur.\u00a0Les sonates n\u00b03 et 9, compos\u00e9es \u00e0 cinq ann\u00e9es d&rsquo;intervalles, \u00e9blouissent tant par leur virtuosit\u00e9 extr\u00eame, leur exub\u00e9rance, leur fougue irr\u00e9sistible dans les mouvements rapides, que par la gr\u00e2ce et la d\u00e9licatesse des mouvements lents.\u00a0Dix ans plus tard, Beethoven compose sa toute derni\u00e8re sonate pour violon et piano. Et, ici, point d&rsquo;effet d\u00e9monstratif ; elle accorde les c\u0153urs et les \u00e2mes, dans un climat apais\u00e9 qui rappelle la symphonie pastorale.<br \/>\n<a href=\"http:\/\/www.19paulfort.com\/galerie\/index.php\/2016\/05\/02\/sluchin-naaman\/\">&gt; Voir la fiche de Naaman SLUCHIN<\/a><br \/>\n<a href=\"http:\/\/www.19paulfort.com\/galerie\/index.php\/2021\/12\/19\/lepape-julien\/\">&gt; Voir la fiche de Julien LE PAPE<\/a><br \/>\n<a href=\"http:\/\/www.19paulfort.com\/galerie\/index.php\/2021\/12\/02\/brisson-elisabeth\/\">&gt; Voir la fiche d&rsquo;\u00c9lisabeth BRISSON<\/a><\/p>\n","protected":false},"excerpt":{"rendered":"<p>Int\u00e9grale des sonates de Beethoven pour violon et piano,\u00a03e \u00e9pisode Sonates 3, 9 (\u00e0 Kreutzer), et 10 8 et\u00a09 janvier 2022 Concert pr\u00e9c\u00e9d\u00e9 d&rsquo;une conf\u00e9rence donn\u00e9e\u00a0par\u00a0\u00c9lisabeth BRISSON historienne, conf\u00e9renci\u00e8re et auteure, sp\u00e9cialiste de Beethoven Th\u00e8me de la conf\u00e9rence : &#8211; Du mythe \u00e0 l&rsquo;homme &#8211; L&rsquo;int\u00e9grale des sonates pour piano et violon de Beethoven s&rsquo;ach\u00e8ve&hellip;<a href=\"http:\/\/www.19paulfort.com\/galerie\/index.php\/2021\/12\/19\/concert-integrale-des-sonates-de-beethoven-pour-violon-et-piano-3e-episode-sonates-3-9-a-kreutzer-et-10-8-et-9-janvier-2022\/\" class=\"more-link\">Continue reading <span class=\"screen-reader-text\">01 &#8211; 08 \/ 09 janvier &#8211; Concert &#8211; Int\u00e9grale des sonates de Beethoven pour violon et piano,\u00a03e \u00e9pisode<\/span><\/a><\/p>\n","protected":false},"author":1,"featured_media":0,"comment_status":"closed","ping_status":"closed","sticky":false,"template":"","format":"standard","meta":{"footnotes":""},"categories":[17,58,7],"tags":[],"class_list":["post-9717","post","type-post","status-publish","format-standard","hentry","category-concerts","category-evenements-2022","category-evenements-passes"],"_links":{"self":[{"href":"http:\/\/www.19paulfort.com\/galerie\/index.php\/wp-json\/wp\/v2\/posts\/9717","targetHints":{"allow":["GET"]}}],"collection":[{"href":"http:\/\/www.19paulfort.com\/galerie\/index.php\/wp-json\/wp\/v2\/posts"}],"about":[{"href":"http:\/\/www.19paulfort.com\/galerie\/index.php\/wp-json\/wp\/v2\/types\/post"}],"author":[{"embeddable":true,"href":"http:\/\/www.19paulfort.com\/galerie\/index.php\/wp-json\/wp\/v2\/users\/1"}],"replies":[{"embeddable":true,"href":"http:\/\/www.19paulfort.com\/galerie\/index.php\/wp-json\/wp\/v2\/comments?post=9717"}],"version-history":[{"count":15,"href":"http:\/\/www.19paulfort.com\/galerie\/index.php\/wp-json\/wp\/v2\/posts\/9717\/revisions"}],"predecessor-version":[{"id":12854,"href":"http:\/\/www.19paulfort.com\/galerie\/index.php\/wp-json\/wp\/v2\/posts\/9717\/revisions\/12854"}],"wp:attachment":[{"href":"http:\/\/www.19paulfort.com\/galerie\/index.php\/wp-json\/wp\/v2\/media?parent=9717"}],"wp:term":[{"taxonomy":"category","embeddable":true,"href":"http:\/\/www.19paulfort.com\/galerie\/index.php\/wp-json\/wp\/v2\/categories?post=9717"},{"taxonomy":"post_tag","embeddable":true,"href":"http:\/\/www.19paulfort.com\/galerie\/index.php\/wp-json\/wp\/v2\/tags?post=9717"}],"curies":[{"name":"wp","href":"https:\/\/api.w.org\/{rel}","templated":true}]}}