{"id":10042,"date":"2022-04-16T08:15:23","date_gmt":"2022-04-16T07:15:23","guid":{"rendered":"http:\/\/www.19paulfort.com\/galerie\/?p=10042"},"modified":"2025-10-14T18:16:48","modified_gmt":"2025-10-14T17:16:48","slug":"courtois-vincent","status":"publish","type":"post","link":"https:\/\/www.19paulfort.com\/galerie\/index.php\/2022\/04\/16\/courtois-vincent\/","title":{"rendered":"COURTOIS Vincent \u2022"},"content":{"rendered":"<h1><img loading=\"lazy\" decoding=\"async\" class=\"aligncenter size-full wp-image-10060\" src=\"http:\/\/www.19paulfort.com\/galerie\/wp-content\/uploads\/2022\/04\/vincentcourtois-e1650466569725.jpg\" alt=\"\" width=\"727\" height=\"1439\" srcset=\"https:\/\/www.19paulfort.com\/galerie\/wp-content\/uploads\/2022\/04\/vincentcourtois-e1650466569725.jpg 727w, https:\/\/www.19paulfort.com\/galerie\/wp-content\/uploads\/2022\/04\/vincentcourtois-e1650466569725-152x300.jpg 152w, https:\/\/www.19paulfort.com\/galerie\/wp-content\/uploads\/2022\/04\/vincentcourtois-e1650466569725-517x1024.jpg 517w\" sizes=\"auto, (max-width: 727px) 100vw, 727px\" \/><br \/>\nVincent Courtois<\/h1>\n<p><strong>Violoncelle<\/strong><\/p>\n<p style=\"text-align: justify;\">N\u00e9 le 21 mars 1968, Vincent Courtois commence le violoncelle \u00e0 l&rsquo;\u00e2ge de six ans et \u00e9tudie au conservatoire d&rsquo;Aubervilliers et de Paris avec Erwan Faur\u00e9, Xavier Gagnepain, Roland Pidoux et Fr\u00e9d\u00e9rick Lod\u00e9on, tout en d\u00e9couvrant le jazz et l&rsquo;improvisation. Le violoncelliste fran\u00e7ais s&rsquo;est associ\u00e9 \u00e0 un impressionnant casting de musiciens, que ce soit dans le domaine de la musique contemporaine classique ou en aff\u00fbtant ses talents jazz\/impro avec notamment Martial Solal, Dave Douglas, Marc Ducret et Steve Swallow. Sa musique se caract\u00e9rise par une recherche constante d&rsquo;espaces sonores et de paysages m\u00e9lodiques.<\/p>\n<hr \/>\n<p><strong>Cet artiste a particip\u00e9 au 19 Paul Fort \u00e0<\/strong><\/p>\n<p><strong>&gt; <a href=\"https:\/\/www.19paulfort.com\/galerie\/index.php\/2025\/10\/14\/10-25-octobre-concert-trio-samuel-blaser-trombone-bruno-chevillon-contrebasse-vincent-courtois-violoncelle\/\" target=\"_blank\" rel=\"noopener\">Un concert en trio avec Bruno Chevillon, contrebasse, et Samuel Blaser, trombone, le 25 octobre 2025<\/a><\/strong><\/p>\n<p><strong>&gt; Un Concert du Quartet Jacky Molard\/Fran\u00e7ois Corneloup, \u00ab\u00a0Entre les terres\u00a0\u00bb, le 16 avril 2024 <a href=\"https:\/\/www.19paulfort.com\/galerie\/index.php\/2024\/03\/28\/concert-quartet-jacky-molard-francois-corneloup-entre-les-terres-26-avril-2024\/\" target=\"_blank\" rel=\"noopener\"><br \/>\n<\/a><a href=\"https:\/\/www.19paulfort.com\/galerie\/index.php\/2024\/03\/28\/concert-quartet-jacky-molard-francois-corneloup-entre-les-terres-26-avril-2024\/\" target=\"_blank\" rel=\"noopener\">&gt; Voir le concert<\/a><\/strong><\/p>\n<p><strong>&gt; Un concert en trio avec Luis Sclavis Curtois (violoncelle) et Dominique Pifar\u00e9ly (violon), le 19 avril 2022<\/strong><br \/>\n<strong><a href=\"http:\/\/www.19paulfort.com\/galerie\/index.php\/2022\/04\/16\/concert-le-trio-vincent-courtois-violoncelle-dominique-pifarely-violon-louis-sclavis-clarinette-19-avril-2022\/\">&gt; Lien vers le concert<\/a><\/strong><\/p>\n","protected":false},"excerpt":{"rendered":"<p>Vincent Courtois Violoncelle N\u00e9 le 21 mars 1968, Vincent Courtois commence le violoncelle \u00e0 l&rsquo;\u00e2ge de six ans et \u00e9tudie au conservatoire d&rsquo;Aubervilliers et de Paris avec Erwan Faur\u00e9, Xavier Gagnepain, Roland Pidoux et Fr\u00e9d\u00e9rick Lod\u00e9on, tout en d\u00e9couvrant le jazz et l&rsquo;improvisation. Le violoncelliste fran\u00e7ais s&rsquo;est associ\u00e9 \u00e0 un impressionnant casting de musiciens, que&hellip;<a href=\"https:\/\/www.19paulfort.com\/galerie\/index.php\/2022\/04\/16\/courtois-vincent\/\" class=\"more-link\">Continue reading <span class=\"screen-reader-text\">COURTOIS Vincent \u2022<\/span><\/a><\/p>\n","protected":false},"author":1,"featured_media":0,"comment_status":"closed","ping_status":"closed","sticky":false,"template":"","format":"standard","meta":{"footnotes":""},"categories":[18,26,20,19],"tags":[],"class_list":["post-10042","post","type-post","status-publish","format-standard","hentry","category-artistes-invites","category-musiciens-compositeurs","category-par-nom","category-par-pratique-artistique"],"_links":{"self":[{"href":"https:\/\/www.19paulfort.com\/galerie\/index.php\/wp-json\/wp\/v2\/posts\/10042","targetHints":{"allow":["GET"]}}],"collection":[{"href":"https:\/\/www.19paulfort.com\/galerie\/index.php\/wp-json\/wp\/v2\/posts"}],"about":[{"href":"https:\/\/www.19paulfort.com\/galerie\/index.php\/wp-json\/wp\/v2\/types\/post"}],"author":[{"embeddable":true,"href":"https:\/\/www.19paulfort.com\/galerie\/index.php\/wp-json\/wp\/v2\/users\/1"}],"replies":[{"embeddable":true,"href":"https:\/\/www.19paulfort.com\/galerie\/index.php\/wp-json\/wp\/v2\/comments?post=10042"}],"version-history":[{"count":15,"href":"https:\/\/www.19paulfort.com\/galerie\/index.php\/wp-json\/wp\/v2\/posts\/10042\/revisions"}],"predecessor-version":[{"id":13888,"href":"https:\/\/www.19paulfort.com\/galerie\/index.php\/wp-json\/wp\/v2\/posts\/10042\/revisions\/13888"}],"wp:attachment":[{"href":"https:\/\/www.19paulfort.com\/galerie\/index.php\/wp-json\/wp\/v2\/media?parent=10042"}],"wp:term":[{"taxonomy":"category","embeddable":true,"href":"https:\/\/www.19paulfort.com\/galerie\/index.php\/wp-json\/wp\/v2\/categories?post=10042"},{"taxonomy":"post_tag","embeddable":true,"href":"https:\/\/www.19paulfort.com\/galerie\/index.php\/wp-json\/wp\/v2\/tags?post=10042"}],"curies":[{"name":"wp","href":"https:\/\/api.w.org\/{rel}","templated":true}]}}