{"id":1005,"date":"2016-05-24T17:46:05","date_gmt":"2016-05-24T16:46:05","guid":{"rendered":"http:\/\/www.19paulfort.com\/galerie\/?p=1005"},"modified":"2017-06-19T18:25:09","modified_gmt":"2017-06-19T17:25:09","slug":"teyssot-gay-serge","status":"publish","type":"post","link":"https:\/\/www.19paulfort.com\/galerie\/index.php\/2016\/05\/24\/teyssot-gay-serge\/","title":{"rendered":"TEYSSOT-GAY Serge \u2022"},"content":{"rendered":"<p><img loading=\"lazy\" decoding=\"async\" class=\"aligncenter\" src=\"http:\/\/19paulfort.com\/images\/JL_STG.PNG\" alt=\"\" width=\"211\" height=\"313\" border=\"0\" \/><\/p>\n<h1>Serge Teyssot-Gay<\/h1>\n<p>Guitariste, compositeur<\/p>\n<p style=\"text-align: justify;\">Serge Teyssot-Gay na\u00eet \u00e0 Saint-\u00c9tienne, mais d\u00e9m\u00e9nage dans sa petite enfance pour Bordeaux. Il se d\u00e9couvre l&rsquo;envie de jouer de la guitare en \u00e9coutant Django Reinhardt \u00e0 l&rsquo;\u00e2ge de neuf ans.<br \/>\nSes influences de jeunesse sont AC\/DC, les Stooges, le Gun Club2. Il rencontre Bertrand Cantat et Denis Barthe \u00e0 Bordeaux o\u00f9 ils \u00e9tudient tous au lyc\u00e9e Saint-Gen\u00e8s et forment le groupe Noir D\u00e9sir (7 albums et centaines de concerts.)<br \/>\nParall\u00e8lement \u00e0 ces activit\u00e9s de \u00abrockeur\u00bb, il d\u00e9veloppe un travail personnel plus \u00abexp\u00e9rimental\u00bb : Mise en musique de textes litt\u00e9raires, (Georges Hyvernaud, Lydie Salvayre, Attila Jozsef, Stig Dagerman, Ma\u00efakovski&#8230; )<br \/>\nCr\u00e9ation avec l\u2019oudiste Syrien Khaled AlJaramani du duo InterZone, croisement des univers \u00e9lectriques et orientaux. Actuellement aussi en activit\u00e9 en quintet pour la fondation Royaumont. Fonde le groupe de free-rock Zone Libre : disques, concerts, cin\u00e9-concerts, musique de film, albums rock\/rap avec des rappeurs de la sc\u00e8ne fran\u00e7aise. (Ham\u00e9 de la Rumeur, Casey, B.James) Cr\u00e9ation avec le peintre Paul Bloas du \u00ab concert-peint \u00bb Ligne de Front, duo avec Jo\u00eblle L\u00e9andre. guitare contrebasse.<\/p>\n<hr \/>\n<p><strong>Cet artiste a particip\u00e9 rue Paul Fort \u00e0 :<\/strong><\/p>\n<p>Un concert de Nacarat Duo, avec la clarinettiste et compositrice Carol Robinson, le 22 juin 2017<strong><br \/>\n<\/strong><a href=\"http:\/\/www.19paulfort.com\/galerie\/index.php\/2017\/06\/19\/concert-nacarat-duo-carol-robinson-et-serge-teyssot-gay-30-juin-2017\/\">&gt; Lien vers l&rsquo;\u00e9v\u00e9nement<\/a><strong><br \/>\n<\/strong><\/p>\n<p>Un concert en duo avec Khaled Aljamarani le 22 octobre 2015 dans le cadre de l&rsquo;exposition \u00ab\u00a0Positif Exil\u00a0\u00bb<br \/>\n<a title=\"Concert Interzone Duo\" href=\"http:\/\/www.19paulfort.com\/galerie\/index.php\/2016\/05\/25\/concert-de-khaled-al-jaramani-et-serge-teyssot-gay-22-oct-2015\/\">&gt;\u00a0Lien vers le\u00a0concert<\/a><br \/>\n<a title=\"Exposition Positif Exil\" href=\"http:\/\/www.19paulfort.com\/galerie\/index.php\/2016\/05\/25\/exposition-positif-exil-lawson-oyekan-rachid-koraichi-terhi-tolvanen\/\">&gt;\u00a0Lien vers l&rsquo;exposition<\/a><\/p>\n<p>Un concert en duo avec la contrebassiste Jo\u00eblle L\u00e9andre, le 12 mai 2013<br \/>\n<a href=\"http:\/\/www.19paulfort.com\/galerie\/index.php\/2016\/05\/25\/conert-du-duo-leandre-teyssot-gay-mai-2013\/\">&gt; Lien vers l&rsquo;\u00e9v\u00e9nement<\/a><\/p>\n","protected":false},"excerpt":{"rendered":"<p>Serge Teyssot-Gay Guitariste, compositeur Serge Teyssot-Gay na\u00eet \u00e0 Saint-\u00c9tienne, mais d\u00e9m\u00e9nage dans sa petite enfance pour Bordeaux. Il se d\u00e9couvre l&rsquo;envie de jouer de la guitare en \u00e9coutant Django Reinhardt \u00e0 l&rsquo;\u00e2ge de neuf ans. Ses influences de jeunesse sont AC\/DC, les Stooges, le Gun Club2. Il rencontre Bertrand Cantat et Denis Barthe \u00e0 Bordeaux&hellip;<a href=\"https:\/\/www.19paulfort.com\/galerie\/index.php\/2016\/05\/24\/teyssot-gay-serge\/\" class=\"more-link\">Continue reading <span class=\"screen-reader-text\">TEYSSOT-GAY Serge \u2022<\/span><\/a><\/p>\n","protected":false},"author":1,"featured_media":0,"comment_status":"closed","ping_status":"closed","sticky":false,"template":"","format":"standard","meta":{"footnotes":""},"categories":[18,26,20,19],"tags":[],"class_list":["post-1005","post","type-post","status-publish","format-standard","hentry","category-artistes-invites","category-musiciens-compositeurs","category-par-nom","category-par-pratique-artistique"],"_links":{"self":[{"href":"https:\/\/www.19paulfort.com\/galerie\/index.php\/wp-json\/wp\/v2\/posts\/1005","targetHints":{"allow":["GET"]}}],"collection":[{"href":"https:\/\/www.19paulfort.com\/galerie\/index.php\/wp-json\/wp\/v2\/posts"}],"about":[{"href":"https:\/\/www.19paulfort.com\/galerie\/index.php\/wp-json\/wp\/v2\/types\/post"}],"author":[{"embeddable":true,"href":"https:\/\/www.19paulfort.com\/galerie\/index.php\/wp-json\/wp\/v2\/users\/1"}],"replies":[{"embeddable":true,"href":"https:\/\/www.19paulfort.com\/galerie\/index.php\/wp-json\/wp\/v2\/comments?post=1005"}],"version-history":[{"count":6,"href":"https:\/\/www.19paulfort.com\/galerie\/index.php\/wp-json\/wp\/v2\/posts\/1005\/revisions"}],"predecessor-version":[{"id":4947,"href":"https:\/\/www.19paulfort.com\/galerie\/index.php\/wp-json\/wp\/v2\/posts\/1005\/revisions\/4947"}],"wp:attachment":[{"href":"https:\/\/www.19paulfort.com\/galerie\/index.php\/wp-json\/wp\/v2\/media?parent=1005"}],"wp:term":[{"taxonomy":"category","embeddable":true,"href":"https:\/\/www.19paulfort.com\/galerie\/index.php\/wp-json\/wp\/v2\/categories?post=1005"},{"taxonomy":"post_tag","embeddable":true,"href":"https:\/\/www.19paulfort.com\/galerie\/index.php\/wp-json\/wp\/v2\/tags?post=1005"}],"curies":[{"name":"wp","href":"https:\/\/api.w.org\/{rel}","templated":true}]}}