{"id":1019,"date":"2016-05-23T19:32:29","date_gmt":"2016-05-23T18:32:29","guid":{"rendered":"http:\/\/www.19paulfort.com\/galerie\/?p=1019"},"modified":"2016-05-25T17:29:03","modified_gmt":"2016-05-25T16:29:03","slug":"van-kuijk-sebastien","status":"publish","type":"post","link":"https:\/\/www.19paulfort.com\/galerie\/index.php\/2016\/05\/23\/van-kuijk-sebastien\/","title":{"rendered":"VAN KUIJK S\u00e9bastien"},"content":{"rendered":"<p style=\"text-align: justify;\"><img loading=\"lazy\" decoding=\"async\" class=\"alignleft\" src=\"http:\/\/19paulfort.com\/images\/stories\/artistes\/vanKuijk.jpg\" alt=\"\" width=\"288\" height=\"283\" border=\"0\" \/><\/p>\n<h1 style=\"text-align: justify;\">S\u00e9bastien<br \/>\nvan Kuijk<\/h1>\n<p style=\"text-align: justify;\"><strong><em>violoncelliste<\/em><\/strong><\/p>\n<p style=\"text-align: justify;\">S\u00e9bastien van Kuijk a \u00e9tudi\u00e9 le violoncelle avec Erwan Faur\u00e9 \u00e0 la Schola Cantorum de Paris. Puis, il obtient deux premiers prix de violoncelle et de musique de chambre au CN SM de Paris. Il se perfectionne ensuite avec Philippe Muller puis Frans Helmerson, Hochschule de Cologne. Il re\u00e7oit \u00e9galement, lors de master-classes, les conseils de Natalia Chakoswskaya, Gary Hoffman, Maria Kliegel, Aldo Parisot, Janos Starker, Davis Geringas, Jens Peter Maintz, Gabor Takacs-Nagy, Harald Schoneweg du quatuor Cherubini et Pieter Wiespelwey. D\u00e8s 1999, il remporte le troisi\u00e8me prix du \u00abConcours International de Jeunes Concertistes\u00bb de Douai puis, le deuxi\u00e8me Grand Prix et le prix sp\u00e9cial Gustav Mahler au Concours International \u00abPrintemps de Prague 2000\u00bb. En 2001 il est laur\u00e9at du Forum Musical de Normandie ainsi que du Concours Avant-sc\u00e8nes, organis\u00e9 conjointement par le CNSMDP et la Cit\u00e9 de la musique \u00e0 Paris. La m\u00eame ann\u00e9e il est laur\u00e9at du septi\u00e8me Concours Rostropovitch avec le Prix du Meilleur Espoir offert par la SACEM. En septembre 2004 il remporte le cinqui\u00e8me prix du concours international Pablo Casals \u00e0 Kronberg\/Frankfurt (Allemagne). Il est successivement laur\u00e9at boursier du M\u00e9c\u00e9nat \u00e0 la Musical Soci\u00e9t\u00e9 G\u00e9n\u00e9rale, du SYLFF de la Tokyo Foundation Sasakawa (Young Leaders Fellowship Fund), du Groupe Banques Populaires (NATIXIS) et de la Fondation Meyer et du Pro Musicis 2012. S\u00e9bastien joue sur un violoncelle de Fran\u00e7ois FENDT fin 18e d\u00e9but 19e si\u00e8cle pr\u00eat\u00e9 par le Fonds Instrumental Fran\u00e7ais.<\/p>\n<hr \/>\n<p style=\"text-align: justify;\"><em>Cet artiste a particip\u00e9 rue Paul Fort \u00e0 :<br \/>\n<\/em><br \/>\nUn concert dans le cadre du \u00ab\u00a0Trio Saulys\u00a0\u00bb, le 24 novembre 2014<br \/>\n<a title=\"Concert Trio Saulys\" href=\"http:\/\/19paulfort.com\/index.php?option=com_content&amp;view=article&amp;id=254:concert-trio-saulys-ciocarlie-sluchin-van-kuijk&amp;catid=57&amp;Itemid=197&amp;lang=fr\">&gt;\u00a0Lien vers le\u00a0concert<\/a><br \/>\nUn concert \u00ab\u00a0Les Variations Goldberg\u00a0\u00bb le 1er juin 2013<br \/>\n<a title=\"Variations Goldberg\" href=\"http:\/\/19paulfort.com\/index.php?option=com_content&amp;view=article&amp;id=115:concert-variations-goldberg&amp;catid=28&amp;Itemid=158&amp;lang=fr\">&gt;\u00a0Lien vers le\u00a0concert<\/a><\/p>\n","protected":false},"excerpt":{"rendered":"<p>S\u00e9bastien van Kuijk violoncelliste S\u00e9bastien van Kuijk a \u00e9tudi\u00e9 le violoncelle avec Erwan Faur\u00e9 \u00e0 la Schola Cantorum de Paris. Puis, il obtient deux premiers prix de violoncelle et de musique de chambre au CN SM de Paris. Il se perfectionne ensuite avec Philippe Muller puis Frans Helmerson, Hochschule de Cologne. Il re\u00e7oit \u00e9galement, lors&hellip;<a href=\"https:\/\/www.19paulfort.com\/galerie\/index.php\/2016\/05\/23\/van-kuijk-sebastien\/\" class=\"more-link\">Continue reading <span class=\"screen-reader-text\">VAN KUIJK S\u00e9bastien<\/span><\/a><\/p>\n","protected":false},"author":1,"featured_media":0,"comment_status":"closed","ping_status":"closed","sticky":false,"template":"","format":"standard","meta":{"footnotes":""},"categories":[18,26,20,19],"tags":[],"class_list":["post-1019","post","type-post","status-publish","format-standard","hentry","category-artistes-invites","category-musiciens-compositeurs","category-par-nom","category-par-pratique-artistique"],"_links":{"self":[{"href":"https:\/\/www.19paulfort.com\/galerie\/index.php\/wp-json\/wp\/v2\/posts\/1019","targetHints":{"allow":["GET"]}}],"collection":[{"href":"https:\/\/www.19paulfort.com\/galerie\/index.php\/wp-json\/wp\/v2\/posts"}],"about":[{"href":"https:\/\/www.19paulfort.com\/galerie\/index.php\/wp-json\/wp\/v2\/types\/post"}],"author":[{"embeddable":true,"href":"https:\/\/www.19paulfort.com\/galerie\/index.php\/wp-json\/wp\/v2\/users\/1"}],"replies":[{"embeddable":true,"href":"https:\/\/www.19paulfort.com\/galerie\/index.php\/wp-json\/wp\/v2\/comments?post=1019"}],"version-history":[{"count":5,"href":"https:\/\/www.19paulfort.com\/galerie\/index.php\/wp-json\/wp\/v2\/posts\/1019\/revisions"}],"predecessor-version":[{"id":1461,"href":"https:\/\/www.19paulfort.com\/galerie\/index.php\/wp-json\/wp\/v2\/posts\/1019\/revisions\/1461"}],"wp:attachment":[{"href":"https:\/\/www.19paulfort.com\/galerie\/index.php\/wp-json\/wp\/v2\/media?parent=1019"}],"wp:term":[{"taxonomy":"category","embeddable":true,"href":"https:\/\/www.19paulfort.com\/galerie\/index.php\/wp-json\/wp\/v2\/categories?post=1019"},{"taxonomy":"post_tag","embeddable":true,"href":"https:\/\/www.19paulfort.com\/galerie\/index.php\/wp-json\/wp\/v2\/tags?post=1019"}],"curies":[{"name":"wp","href":"https:\/\/api.w.org\/{rel}","templated":true}]}}