{"id":11483,"date":"2024-02-07T22:21:10","date_gmt":"2024-02-07T21:21:10","guid":{"rendered":"https:\/\/www.19paulfort.com\/galerie\/?p=11483"},"modified":"2024-02-07T22:55:01","modified_gmt":"2024-02-07T21:55:01","slug":"natrella","status":"publish","type":"post","link":"https:\/\/www.19paulfort.com\/galerie\/index.php\/2024\/02\/07\/natrella\/","title":{"rendered":"NATRELLA Laurent &#8211;"},"content":{"rendered":"<h1>Laurent Natrella<\/h1>\n<p><strong>Com\u00e9dien<\/strong><\/p>\n<p style=\"text-align: justify;\">Apr\u00e8s avoir suivi le Conservatoire National Sup\u00e9rieur d\u2019Art Dramatique, Laurent Natrella entre \u00e0 la Com\u00e9die- Fran\u00e7aise en 1999 et y devient le 514e Soci\u00e9taire. Il y travaille entre autres avec Bob Wilson, Omar Poraz, Le collectif T.G. Stan-Decoe-Discordia, Giorgio Barbiero Corsetti, Lukas Hemleb, Daniel Mesguich, L\u00e9onie Simaga, Lilo Baur, Denis Podalyd\u00e8s, Anne-Marie Etienne, Jean-Louis Benoit, Eric Ruf, Laurent Pelly, Dann Jemmet\u2026 \u2028Il est nomm\u00e9 pour le Moli\u00e8re 2017 du com\u00e9dien dans un spectacle de th\u00e9\u00e2tre public.<br \/>\nIl joue ces derni\u00e8res saisons, Scapin dans <em>Les fourberies de Scapin<\/em> dans une mise en sc\u00e8ne d\u2019Omar Porras au TKM, <em>20 000 lieues sous les mers<\/em> de Christian Heck et Val\u00e9rie Lesort, Faust mis en sc\u00e8ne par Raphael Navarro et Valentine Losseau, <em>Hors la loi<\/em> de Pauline Bureau au th\u00e9\u00e2tre du Vieux Colombier, <em>Un amour exemplaire<\/em> de Daniel Pennac mis en sc\u00e8ne de Clara Bauer au th\u00e9\u00e2tre du Rond-Point, <em>Chagrin D\u2019\u00e9cole<\/em> mis en sc\u00e8ne par Christ\u00e8le Wurmser au Th\u00e9\u00e2tre de Paris, Philinte dans<em> le Misanthrope<\/em> mis en sc\u00e8ne par Nicolas Vaude et Chlo\u00e9 Lambert, <em>Le gar\u00e7on qui voulait dormir<\/em> de Aharon Appelfeld lecture spectacle avec Val\u00e9rie Zenatti, Eric Slabiak et Frank Anastasio, <em>Bartleby\/Mon Fr\u00e8re<\/em> au th\u00e9\u00e2tre du Rond-Point.<br \/>\nAu cin\u00e9ma et \u00e0 la t\u00e9l\u00e9vision, Laurent Natrella tourne sous les directions entre autre de Georges Lautner, Robert Mazoyer, Pascale Bailly, Jean-Marie Poiret, Christian Gion, Ariel Zeitoun, Didier Fontan, Laurent Heineman, Pierre Boutron, Roman Polansky, Edouard Niermans, Philippe Venault,&#8230;<br \/>\nLaurent Natrella a mis en sc\u00e8ne <em>Fantasio<\/em> d\u2019Alfred de Musset,<em> Apr\u00e8s une si longue nuit<\/em> de Mich\u00e8le Laurence, <em>Le hasard merveilleux<\/em> de Jean- Christophe Doll\u00e9, <em>Emport\u00e9 par le vent<\/em> et <em>Un \u00e9ventail<\/em> d\u2019apr\u00e8s Carlo Goldoni dans le cadre des \u00abJourn\u00e9es de juin \u00bb du conservatoire national sup\u00e9rieur d\u2019art dramatique.<br \/>\nIl enregistre \u00e9galement de nombreux livres audio, comme <em>Le Pianiste<\/em> de Wladyslaw Szpielman, <em>Les hirondelles de Kaboul<\/em> de Yasmina Kadra, <em>Une vie fran\u00e7aise<\/em> de Jean-Paul Dubois,<em> J\u2019accuse<\/em> de Robert Harris, <em>Le coeur de l\u2019Angleterre<\/em> de Jonhatan Coe, <em>Impossible<\/em> de Eri De Luca, <em>Th\u00e9s\u00e9e, Ariane et le Minotaure, Orph\u00e9e et Eurydice, Les Sonnets<\/em> de Shakespeare, Marcel Proust lecture d\u2019instant choisis, <em>Ravage<\/em> et <em>La temp\u00eate<\/em> de Barjavel, <em>Le voyant d\u2019\u00e9tampes<\/em> de Abel Quentin, <em>La fin des temps<\/em> de Haruki Murakami\u2026<br \/>\nIl enseigne \u00e0 Sciences-Po, au cours Florent, \u00e0 l\u2019\u00e9cole sup\u00e9rieure des Teintureries de Lausanne et a \u00e9t\u00e9 professeur au Conservatoire National Sup\u00e9rieur d\u2019Art Dramatique.<\/p>\n<hr \/>\n<p><strong>Cet artiste a particip\u00e9 au 19PaulFort \u00e0 :<\/strong><\/p>\n<p><strong>&gt; Un spectacle musical, <em>La folle passion de Franz LISZT et Marie D\u2019AGOULT,<\/em> les 25 et 26 f\u00e9vrier 2024, avec la compagnie \u00ab\u00a0Le loup dans la baignoire\u00a0\u00bb<\/strong><br \/>\n&gt; <a href=\"https:\/\/www.19paulfort.com\/galerie\/index.php\/2024\/02\/07\/spectacle-musical-la-folle-passion-de-franz-liszt-et-marie-dagoult-25-et-26-fevrier-2024\/\" target=\"_blank\" rel=\"noopener\">Lien vers le spectacle<\/a><\/p>\n","protected":false},"excerpt":{"rendered":"<p>Laurent Natrella Com\u00e9dien Apr\u00e8s avoir suivi le Conservatoire National Sup\u00e9rieur d\u2019Art Dramatique, Laurent Natrella entre \u00e0 la Com\u00e9die- Fran\u00e7aise en 1999 et y devient le 514e Soci\u00e9taire. Il y travaille entre autres avec Bob Wilson, Omar Poraz, Le collectif T.G. Stan-Decoe-Discordia, Giorgio Barbiero Corsetti, Lukas Hemleb, Daniel Mesguich, L\u00e9onie Simaga, Lilo Baur, Denis Podalyd\u00e8s, Anne-Marie&hellip;<a href=\"https:\/\/www.19paulfort.com\/galerie\/index.php\/2024\/02\/07\/natrella\/\" class=\"more-link\">Continue reading <span class=\"screen-reader-text\">NATRELLA Laurent &#8211;<\/span><\/a><\/p>\n","protected":false},"author":1,"featured_media":0,"comment_status":"closed","ping_status":"closed","sticky":false,"template":"","format":"standard","meta":{"footnotes":""},"categories":[35,18,20,19],"tags":[],"class_list":["post-11483","post","type-post","status-publish","format-standard","hentry","category-acteurs-mise-en-scene","category-artistes-invites","category-par-nom","category-par-pratique-artistique"],"_links":{"self":[{"href":"https:\/\/www.19paulfort.com\/galerie\/index.php\/wp-json\/wp\/v2\/posts\/11483","targetHints":{"allow":["GET"]}}],"collection":[{"href":"https:\/\/www.19paulfort.com\/galerie\/index.php\/wp-json\/wp\/v2\/posts"}],"about":[{"href":"https:\/\/www.19paulfort.com\/galerie\/index.php\/wp-json\/wp\/v2\/types\/post"}],"author":[{"embeddable":true,"href":"https:\/\/www.19paulfort.com\/galerie\/index.php\/wp-json\/wp\/v2\/users\/1"}],"replies":[{"embeddable":true,"href":"https:\/\/www.19paulfort.com\/galerie\/index.php\/wp-json\/wp\/v2\/comments?post=11483"}],"version-history":[{"count":6,"href":"https:\/\/www.19paulfort.com\/galerie\/index.php\/wp-json\/wp\/v2\/posts\/11483\/revisions"}],"predecessor-version":[{"id":11517,"href":"https:\/\/www.19paulfort.com\/galerie\/index.php\/wp-json\/wp\/v2\/posts\/11483\/revisions\/11517"}],"wp:attachment":[{"href":"https:\/\/www.19paulfort.com\/galerie\/index.php\/wp-json\/wp\/v2\/media?parent=11483"}],"wp:term":[{"taxonomy":"category","embeddable":true,"href":"https:\/\/www.19paulfort.com\/galerie\/index.php\/wp-json\/wp\/v2\/categories?post=11483"},{"taxonomy":"post_tag","embeddable":true,"href":"https:\/\/www.19paulfort.com\/galerie\/index.php\/wp-json\/wp\/v2\/tags?post=11483"}],"curies":[{"name":"wp","href":"https:\/\/api.w.org\/{rel}","templated":true}]}}