{"id":12735,"date":"2025-02-02T20:13:45","date_gmt":"2025-02-02T19:13:45","guid":{"rendered":"https:\/\/www.19paulfort.com\/galerie\/?p=12735"},"modified":"2025-03-03T15:41:06","modified_gmt":"2025-03-03T14:41:06","slug":"concert-francois-coutier-piano-dominique-pifarely-violon-11-fevrier-2025","status":"publish","type":"post","link":"https:\/\/www.19paulfort.com\/galerie\/index.php\/2025\/02\/02\/concert-francois-coutier-piano-dominique-pifarely-violon-11-fevrier-2025\/","title":{"rendered":"02 &#8211; 11 F\u00e9vrier &#8211; Concert &#8211; Fran\u00e7ois Couturier (piano), Dominique Pifar\u00e9ly (violon) &#8211;"},"content":{"rendered":"<h1 style=\"text-align: left;\"><span style=\"color: #ff0000;\">Fran\u00e7ois Couturier<br \/>\n<\/span><\/h1>\n<h2 style=\"text-align: left;\"><span style=\"color: #ff0000;\"><span style=\"color: #000000;\">piano<\/span><\/span><\/h2>\n<h1 style=\"text-align: left;\"><span style=\"color: #ff0000;\">Dominique Pifar\u00e9ly<\/span><\/h1>\n<h2 style=\"text-align: left;\">violon<\/h2>\n<p style=\"text-align: left;\"><strong>mardi 11 f\u00e9vrier 2025 \u00e0 20h30<br \/>\n<\/strong><strong>\u00e0 l&rsquo;occasion de la sortie de leur CD chez ECM<\/strong><br \/>\n<strong>\u00ab\u00a0Pr\u00e9ludes and songs\u00a0\u00bb<\/strong><\/p>\n<p style=\"text-align: justify;\"><strong><img loading=\"lazy\" decoding=\"async\" class=\"aligncenter size-full wp-image-12729\" src=\"http:\/\/www.19paulfort.com\/galerie\/wp-content\/uploads\/2025\/02\/concertCouturierPifarely.jpg\" alt=\"\" width=\"800\" height=\"800\" srcset=\"https:\/\/www.19paulfort.com\/galerie\/wp-content\/uploads\/2025\/02\/concertCouturierPifarely.jpg 800w, https:\/\/www.19paulfort.com\/galerie\/wp-content\/uploads\/2025\/02\/concertCouturierPifarely-300x300.jpg 300w, https:\/\/www.19paulfort.com\/galerie\/wp-content\/uploads\/2025\/02\/concertCouturierPifarely-150x150.jpg 150w, https:\/\/www.19paulfort.com\/galerie\/wp-content\/uploads\/2025\/02\/concertCouturierPifarely-768x768.jpg 768w, https:\/\/www.19paulfort.com\/galerie\/wp-content\/uploads\/2025\/02\/concertCouturierPifarely-750x750.jpg 750w\" sizes=\"auto, (max-width: 800px) 100vw, 800px\" \/><br \/>\nUn nouveau chapitre de la longue collaboration entre 2 figures majeures du jazz fran\u00e7ais.<br \/>\n\u201cPreludes and Songs\u201d&#8230; un programme s\u00e9duisant m\u00ealant \u00e0 des compositions originales des deux musiciens des pi\u00e8ces sign\u00e9es Jacques Brel, Duke Ellington, George Gershwin et J.J. Johnson.<\/strong><\/p>\n<p><img loading=\"lazy\" decoding=\"async\" class=\"aligncenter size-full wp-image-12731\" src=\"http:\/\/www.19paulfort.com\/galerie\/wp-content\/uploads\/2025\/02\/critique.jpg\" alt=\"\" width=\"2068\" height=\"1694\" srcset=\"https:\/\/www.19paulfort.com\/galerie\/wp-content\/uploads\/2025\/02\/critique.jpg 2068w, https:\/\/www.19paulfort.com\/galerie\/wp-content\/uploads\/2025\/02\/critique-300x246.jpg 300w, https:\/\/www.19paulfort.com\/galerie\/wp-content\/uploads\/2025\/02\/critique-1024x839.jpg 1024w, https:\/\/www.19paulfort.com\/galerie\/wp-content\/uploads\/2025\/02\/critique-768x629.jpg 768w, https:\/\/www.19paulfort.com\/galerie\/wp-content\/uploads\/2025\/02\/critique-1536x1258.jpg 1536w, https:\/\/www.19paulfort.com\/galerie\/wp-content\/uploads\/2025\/02\/critique-2048x1678.jpg 2048w, https:\/\/www.19paulfort.com\/galerie\/wp-content\/uploads\/2025\/02\/critique-750x614.jpg 750w\" sizes=\"auto, (max-width: 2068px) 100vw, 2068px\" \/><br \/>\n<strong>&gt; <a href=\"https:\/\/www.19paulfort.com\/galerie\/index.php\/2017\/01\/18\/couturier-francois\/\" target=\"_blank\" rel=\"noopener\">Lire la fiche de Fran\u00e7ois Couturier<\/a><br \/>\n&gt; <a href=\"https:\/\/www.19paulfort.com\/galerie\/index.php\/2016\/05\/25\/pifarely-dominique\/\" target=\"_blank\" rel=\"noopener\">Lire la fiche de Dominique Pifar\u00e9ly<\/a><br \/>\n<\/strong><\/p>\n<p><strong>R\u00e9servations indispensables \u00e0 <a href=\"mailto:helenaziza@19paulfort.com\">helenaziza@19paulfort.com<\/a><\/strong><br \/>\n<strong>Participation : 20 \u20ac<\/strong><\/p>\n","protected":false},"excerpt":{"rendered":"<p>Fran\u00e7ois Couturier piano Dominique Pifar\u00e9ly violon mardi 11 f\u00e9vrier 2025 \u00e0 20h30 \u00e0 l&rsquo;occasion de la sortie de leur CD chez ECM \u00ab\u00a0Pr\u00e9ludes and songs\u00a0\u00bb Un nouveau chapitre de la longue collaboration entre 2 figures majeures du jazz fran\u00e7ais. \u201cPreludes and Songs\u201d&#8230; un programme s\u00e9duisant m\u00ealant \u00e0 des compositions originales des deux musiciens des pi\u00e8ces&hellip;<a href=\"https:\/\/www.19paulfort.com\/galerie\/index.php\/2025\/02\/02\/concert-francois-coutier-piano-dominique-pifarely-violon-11-fevrier-2025\/\" class=\"more-link\">Continue reading <span class=\"screen-reader-text\">02 &#8211; 11 F\u00e9vrier &#8211; Concert &#8211; Fran\u00e7ois Couturier (piano), Dominique Pifar\u00e9ly (violon) &#8211;<\/span><\/a><\/p>\n","protected":false},"author":1,"featured_media":0,"comment_status":"closed","ping_status":"closed","sticky":false,"template":"","format":"standard","meta":{"footnotes":""},"categories":[17,62,7],"tags":[],"class_list":["post-12735","post","type-post","status-publish","format-standard","hentry","category-concerts","category-evenements-2025","category-evenements-passes"],"_links":{"self":[{"href":"https:\/\/www.19paulfort.com\/galerie\/index.php\/wp-json\/wp\/v2\/posts\/12735","targetHints":{"allow":["GET"]}}],"collection":[{"href":"https:\/\/www.19paulfort.com\/galerie\/index.php\/wp-json\/wp\/v2\/posts"}],"about":[{"href":"https:\/\/www.19paulfort.com\/galerie\/index.php\/wp-json\/wp\/v2\/types\/post"}],"author":[{"embeddable":true,"href":"https:\/\/www.19paulfort.com\/galerie\/index.php\/wp-json\/wp\/v2\/users\/1"}],"replies":[{"embeddable":true,"href":"https:\/\/www.19paulfort.com\/galerie\/index.php\/wp-json\/wp\/v2\/comments?post=12735"}],"version-history":[{"count":4,"href":"https:\/\/www.19paulfort.com\/galerie\/index.php\/wp-json\/wp\/v2\/posts\/12735\/revisions"}],"predecessor-version":[{"id":12773,"href":"https:\/\/www.19paulfort.com\/galerie\/index.php\/wp-json\/wp\/v2\/posts\/12735\/revisions\/12773"}],"wp:attachment":[{"href":"https:\/\/www.19paulfort.com\/galerie\/index.php\/wp-json\/wp\/v2\/media?parent=12735"}],"wp:term":[{"taxonomy":"category","embeddable":true,"href":"https:\/\/www.19paulfort.com\/galerie\/index.php\/wp-json\/wp\/v2\/categories?post=12735"},{"taxonomy":"post_tag","embeddable":true,"href":"https:\/\/www.19paulfort.com\/galerie\/index.php\/wp-json\/wp\/v2\/tags?post=12735"}],"curies":[{"name":"wp","href":"https:\/\/api.w.org\/{rel}","templated":true}]}}