{"id":3140,"date":"2016-07-12T08:18:39","date_gmt":"2016-07-12T07:18:39","guid":{"rendered":"http:\/\/www.19paulfort.com\/galerie\/?p=3140"},"modified":"2017-12-02T14:01:31","modified_gmt":"2017-12-02T13:01:31","slug":"westbrook-mike","status":"publish","type":"post","link":"https:\/\/www.19paulfort.com\/galerie\/index.php\/2016\/07\/12\/westbrook-mike\/","title":{"rendered":"WESTBROOK Mike \u2022"},"content":{"rendered":"<p style=\"text-align: justify;\">\u00ab Le compositeur Mike Westbrook a 80 ans cette ann\u00e9e et il a c\u00e9l\u00e9br\u00e9 \u00e0 sa fa\u00e7on ce moment important de la vie par la sortie d&rsquo;un album \u00ab A bigger Show \u00bb nouvelles compositions pour un orchestre de 22 musiciens \u00ab The uncommon Orchestra Now \u00bb.<\/p>\n<p style=\"text-align: justify;\">Maintenant, en total contraste, un concert piano solo fera l&rsquo;objet d&rsquo;un autre album. Ce concert sera enregistr\u00e9 \u00ab live \u00bb au 19 rue Paul Fort (sur un piano concert Steinway) par Jon Hiseman et l&rsquo;album sera publi\u00e9 \u00e0 temps pour la performance d&rsquo;anniversaire de Mike au London Jazz Festival en Novembre. \u00bb<\/p>\n<p style=\"text-align: justify;\">\u00ab Dans notre maison, dans le Devon, j&rsquo;aime entendre Mike jouer dans la salle de musique, quand il travaille sur une nouvelle composition, explore ses airs pr\u00e9f\u00e9r\u00e9s d&rsquo;Ellington ou improvise sur ses propres th\u00e8mes , vaste panel de genres. Cet enregistrement piano solo vise \u00e0 capter cette relation intime entre Mike et le piano. \u00bb Kate Westbrook.<\/p>\n<hr \/>\n<p style=\"text-align: justify;\"><strong>Cet artiste a particip\u00e9 au 19 Paul Fort \u00e0 :<\/strong><\/p>\n<p style=\"text-align: justify;\">un concert de piano solo le 1er d\u00e9cembre 2017<br \/>\n<a href=\"http:\/\/www.19paulfort.com\/galerie\/index.php\/2017\/12\/02\/concert-mike-wesbrook-1er-decembre-2017\/\">&gt; Lien vers la fiche de l&rsquo;\u00e9v\u00e9nement<\/a><\/p>\n<p>un concert de piano solo enregistrement live le 20 juillet 2016<br \/>\n<a href=\"http:\/\/www.19paulfort.com\/galerie\/index.php\/2016\/07\/12\/concert-mike-westbrook-enregistrement-live-piano-solo-20-juillet-2016\/\">&gt; Lien vers la fiche de l&rsquo;\u00e9v\u00e9nement<\/a><\/p>\n<p style=\"text-align: justify;\">un concert avec son \u00e9pouse Kate Westbrook, chanteuse, et Dominique Pifarely, violoniste, le 16 juin 2012<br \/>\n<a href=\"http:\/\/www.19paulfort.com\/galerie\/index.php\/2016\/06\/01\/concert-de-mike-et-kate-westbrook-et-dominique-pifarelylondon-et-other-songs-16-juin-2012\/\">&gt; Lien vers la fiche de l&rsquo;\u00e9v\u00e9nement<\/a><\/p>\n<p style=\"text-align: justify;\">un concert en trio avec\u00a0son \u00e9pouse Kate Westbrook, chanteuse, et Chris Biscoe, saxophoniste,\u00a0\u00e0 l&rsquo;occasion de l&rsquo;exposition \u00ab\u00a0Tables d&rsquo;artistes\u00a0\u00bb le 25 novembre 2012<br \/>\n<a href=\"http:\/\/www.19paulfort.com\/galerie\/index.php\/2016\/06\/01\/concert-du-trio-westbrook-dans-le-cadre-de-lexposition-tables-dartistes-le-25-novembre-2012\/\">&gt; Lien vers la fiche de l&rsquo;\u00e9v\u00e9nement<\/a><\/p>\n","protected":false},"excerpt":{"rendered":"<p>\u00ab Le compositeur Mike Westbrook a 80 ans cette ann\u00e9e et il a c\u00e9l\u00e9br\u00e9 \u00e0 sa fa\u00e7on ce moment important de la vie par la sortie d&rsquo;un album \u00ab A bigger Show \u00bb nouvelles compositions pour un orchestre de 22 musiciens \u00ab The uncommon Orchestra Now \u00bb. Maintenant, en total contraste, un concert piano solo&hellip;<a href=\"https:\/\/www.19paulfort.com\/galerie\/index.php\/2016\/07\/12\/westbrook-mike\/\" class=\"more-link\">Continue reading <span class=\"screen-reader-text\">WESTBROOK Mike \u2022<\/span><\/a><\/p>\n","protected":false},"author":1,"featured_media":0,"comment_status":"closed","ping_status":"closed","sticky":false,"template":"","format":"standard","meta":{"footnotes":""},"categories":[18,26,20,19],"tags":[],"class_list":["post-3140","post","type-post","status-publish","format-standard","hentry","category-artistes-invites","category-musiciens-compositeurs","category-par-nom","category-par-pratique-artistique"],"_links":{"self":[{"href":"https:\/\/www.19paulfort.com\/galerie\/index.php\/wp-json\/wp\/v2\/posts\/3140","targetHints":{"allow":["GET"]}}],"collection":[{"href":"https:\/\/www.19paulfort.com\/galerie\/index.php\/wp-json\/wp\/v2\/posts"}],"about":[{"href":"https:\/\/www.19paulfort.com\/galerie\/index.php\/wp-json\/wp\/v2\/types\/post"}],"author":[{"embeddable":true,"href":"https:\/\/www.19paulfort.com\/galerie\/index.php\/wp-json\/wp\/v2\/users\/1"}],"replies":[{"embeddable":true,"href":"https:\/\/www.19paulfort.com\/galerie\/index.php\/wp-json\/wp\/v2\/comments?post=3140"}],"version-history":[{"count":6,"href":"https:\/\/www.19paulfort.com\/galerie\/index.php\/wp-json\/wp\/v2\/posts\/3140\/revisions"}],"predecessor-version":[{"id":5280,"href":"https:\/\/www.19paulfort.com\/galerie\/index.php\/wp-json\/wp\/v2\/posts\/3140\/revisions\/5280"}],"wp:attachment":[{"href":"https:\/\/www.19paulfort.com\/galerie\/index.php\/wp-json\/wp\/v2\/media?parent=3140"}],"wp:term":[{"taxonomy":"category","embeddable":true,"href":"https:\/\/www.19paulfort.com\/galerie\/index.php\/wp-json\/wp\/v2\/categories?post=3140"},{"taxonomy":"post_tag","embeddable":true,"href":"https:\/\/www.19paulfort.com\/galerie\/index.php\/wp-json\/wp\/v2\/tags?post=3140"}],"curies":[{"name":"wp","href":"https:\/\/api.w.org\/{rel}","templated":true}]}}