{"id":6054,"date":"2018-06-20T21:16:12","date_gmt":"2018-06-20T20:16:12","guid":{"rendered":"http:\/\/www.19paulfort.com\/galerie\/?p=6054"},"modified":"2025-03-01T16:53:09","modified_gmt":"2025-03-01T15:53:09","slug":"coancert-trio-ch-bopp-trombone-d-charolles-batterie-s-domancich-piano-5-juillet-2018","status":"publish","type":"post","link":"https:\/\/www.19paulfort.com\/galerie\/index.php\/2018\/06\/20\/coancert-trio-ch-bopp-trombone-d-charolles-batterie-s-domancich-piano-5-juillet-2018\/","title":{"rendered":"07 &#8211; 05 juillet &#8211; Concert &#8211; Trio Ch. Bopp (trombone), D. Charolles (batterie), S. Domancich (piano)"},"content":{"rendered":"<figure id=\"attachment_6155\" aria-describedby=\"caption-attachment-6155\" style=\"width: 1959px\" class=\"wp-caption aligncenter\"><img loading=\"lazy\" decoding=\"async\" class=\"wp-image-6155 size-full\" src=\"http:\/\/www.19paulfort.com\/galerie\/wp-content\/uploads\/2018\/06\/triodomancich.jpg\" alt=\"\" width=\"1959\" height=\"2929\" srcset=\"https:\/\/www.19paulfort.com\/galerie\/wp-content\/uploads\/2018\/06\/triodomancich.jpg 1959w, https:\/\/www.19paulfort.com\/galerie\/wp-content\/uploads\/2018\/06\/triodomancich-201x300.jpg 201w, https:\/\/www.19paulfort.com\/galerie\/wp-content\/uploads\/2018\/06\/triodomancich-768x1148.jpg 768w, https:\/\/www.19paulfort.com\/galerie\/wp-content\/uploads\/2018\/06\/triodomancich-685x1024.jpg 685w, https:\/\/www.19paulfort.com\/galerie\/wp-content\/uploads\/2018\/06\/triodomancich-750x1121.jpg 750w\" sizes=\"auto, (max-width: 1959px) 100vw, 1959px\" \/><figcaption id=\"caption-attachment-6155\" class=\"wp-caption-text\"><em>De g. \u00e0 d. : Denis Charolles, Christiane Bopp, Sophia Domancich<\/em><\/figcaption><\/figure>\n<h2>Concert trio<\/h2>\n<h2><b>Christiane BOPP<\/b><\/h2>\n<p><b>trombone<\/b><\/p>\n<h2><b>Denis CHAROLLES<\/b><\/h2>\n<p><b>batterie<\/b><\/p>\n<h2><b>Sophia DOMANCICH<\/b><\/h2>\n<p><b>piano<\/b><\/p>\n<p><strong>Jeudi 5 juillet 2018<\/strong><\/p>\n<p style=\"text-align: justify;\">\u00ab Un trio tout neuf : une tromboniste venue relativement tard \u00e0 l\u2019improvisation, mais qui tr\u00e8s vite a su tracer sa route dans cette expression; une pianiste qu\u2019on ne pr\u00e9sente plus tant son parcours est de ceux qui comptent dans le jazz actuel, et un percussionniste-batteur dont on conna\u00eet la passion des sons, mais aussi des mots, des voix et qui s\u2019emploie avec une belle \u00e9nergie \u00e0 faire tomber les cloisons entre tel ou tel genre musical. Christiane Bopp a en commun avec Sophia Domancich d\u2019avoir d\u2019abord eu un apprentissage classique de l\u2019instrument, mais l\u00e0 o\u00f9 la pianiste a tr\u00e8s vite bifurqu\u00e9 vers le jazz, la tromboniste, elle, s\u2019est int\u00e9ress\u00e9e \u00e0 la fois \u00e0 la musique ancienne et \u00e0 la musique contemporaine. \u00c0 ses tout d\u00e9buts, Denis Charolles a sans doute pr\u00e9f\u00e9r\u00e9 les chemins de traverse et la rue au conservatoire, il a ensuite plong\u00e9 \u00e0 corps perdu dans des histoires collectives (Campagnie des musiques \u00e0 Ou\u00efr et festival La Belle Ou\u00efe) et se sent toujours chez lui lorsque les sons et les mots se rencontrent. Le jeu est libre, le plaisir \u00e0 jouer ensemble est palpable. \u00bb<\/p>\n<p><strong>&gt; <a href=\"http:\/\/www.19paulfort.com\/galerie\/index.php\/2018\/06\/25\/bopp-christiane\/\">Voir la fiche de Christiane Bopp<\/a><br \/>\n&gt; <a href=\"http:\/\/www.19paulfort.com\/galerie\/index.php\/2018\/06\/25\/charolles-denis\">Voir la fiche de Denis Charolles<\/a><a href=\"http:\/\/www.19paulfort.com\/galerie\/index.php\/2016\/05\/25\/renaudin-bertrand\/\"><br \/>\n<\/a>&gt; <a href=\"http:\/\/www.19paulfort.com\/galerie\/index.php\/2016\/06\/04\/domancich-sophia\/\">Voir la fiche de Sophia Domancich<\/a><\/strong><\/p>\n","protected":false},"excerpt":{"rendered":"<p>Concert trio Christiane BOPP trombone Denis CHAROLLES batterie Sophia DOMANCICH piano Jeudi 5 juillet 2018 \u00ab Un trio tout neuf : une tromboniste venue relativement tard \u00e0 l\u2019improvisation, mais qui tr\u00e8s vite a su tracer sa route dans cette expression; une pianiste qu\u2019on ne pr\u00e9sente plus tant son parcours est de ceux qui comptent dans&hellip;<a href=\"https:\/\/www.19paulfort.com\/galerie\/index.php\/2018\/06\/20\/coancert-trio-ch-bopp-trombone-d-charolles-batterie-s-domancich-piano-5-juillet-2018\/\" class=\"more-link\">Continue reading <span class=\"screen-reader-text\">07 &#8211; 05 juillet &#8211; Concert &#8211; Trio Ch. Bopp (trombone), D. Charolles (batterie), S. Domancich (piano)<\/span><\/a><\/p>\n","protected":false},"author":1,"featured_media":0,"comment_status":"closed","ping_status":"closed","sticky":false,"template":"","format":"standard","meta":{"footnotes":""},"categories":[17,46,7],"tags":[],"class_list":["post-6054","post","type-post","status-publish","format-standard","hentry","category-concerts","category-evenements-2018","category-evenements-passes"],"_links":{"self":[{"href":"https:\/\/www.19paulfort.com\/galerie\/index.php\/wp-json\/wp\/v2\/posts\/6054","targetHints":{"allow":["GET"]}}],"collection":[{"href":"https:\/\/www.19paulfort.com\/galerie\/index.php\/wp-json\/wp\/v2\/posts"}],"about":[{"href":"https:\/\/www.19paulfort.com\/galerie\/index.php\/wp-json\/wp\/v2\/types\/post"}],"author":[{"embeddable":true,"href":"https:\/\/www.19paulfort.com\/galerie\/index.php\/wp-json\/wp\/v2\/users\/1"}],"replies":[{"embeddable":true,"href":"https:\/\/www.19paulfort.com\/galerie\/index.php\/wp-json\/wp\/v2\/comments?post=6054"}],"version-history":[{"count":14,"href":"https:\/\/www.19paulfort.com\/galerie\/index.php\/wp-json\/wp\/v2\/posts\/6054\/revisions"}],"predecessor-version":[{"id":12895,"href":"https:\/\/www.19paulfort.com\/galerie\/index.php\/wp-json\/wp\/v2\/posts\/6054\/revisions\/12895"}],"wp:attachment":[{"href":"https:\/\/www.19paulfort.com\/galerie\/index.php\/wp-json\/wp\/v2\/media?parent=6054"}],"wp:term":[{"taxonomy":"category","embeddable":true,"href":"https:\/\/www.19paulfort.com\/galerie\/index.php\/wp-json\/wp\/v2\/categories?post=6054"},{"taxonomy":"post_tag","embeddable":true,"href":"https:\/\/www.19paulfort.com\/galerie\/index.php\/wp-json\/wp\/v2\/tags?post=6054"}],"curies":[{"name":"wp","href":"https:\/\/api.w.org\/{rel}","templated":true}]}}