{"id":6613,"date":"2018-11-15T11:31:35","date_gmt":"2018-11-15T10:31:35","guid":{"rendered":"http:\/\/www.19paulfort.com\/galerie\/?p=6613"},"modified":"2025-03-01T16:45:36","modified_gmt":"2025-03-01T15:45:36","slug":"rencontre-conference-origami-scientifique-8-9-13-et-15-decembre-2018","status":"publish","type":"post","link":"https:\/\/www.19paulfort.com\/galerie\/index.php\/2018\/11\/15\/rencontre-conference-origami-scientifique-8-9-13-et-15-decembre-2018\/","title":{"rendered":"12 &#8211; 08 \/ 09 \/ 13 \/ 15 d\u00e9cembre &#8211; Rencontre &#8211; conf\u00e9rence &#8211; Origami scientifique"},"content":{"rendered":"<p style=\"text-align: left;\"><strong><img loading=\"lazy\" decoding=\"async\" class=\"aligncenter wp-image-6753 size-full\" src=\"http:\/\/www.19paulfort.com\/galerie\/wp-content\/uploads\/2018\/11\/Birutakevet.jpg\" alt=\"\" width=\"447\" height=\"690\" srcset=\"https:\/\/www.19paulfort.com\/galerie\/wp-content\/uploads\/2018\/11\/Birutakevet.jpg 447w, https:\/\/www.19paulfort.com\/galerie\/wp-content\/uploads\/2018\/11\/Birutakevet-194x300.jpg 194w\" sizes=\"auto, (max-width: 447px) 100vw, 447px\" \/><br \/>\nDans le cadre de l&rsquo;exposition : <\/strong><\/p>\n<h1 style=\"text-align: left;\">Autour du Japon (VII)<\/h1>\n<h1 style=\"text-align: left;\"><span style=\"color: #bf0d0d;\">Origami scientifique<\/span><br \/>\n<strong>8, 9, 13, 15 d\u00e9cembre<\/strong><\/h1>\n<p style=\"text-align: left;\"><strong>conf\u00e9rences-projections-applications pratiques par<br \/>\n<span style=\"color: #bf0d0d;\">Biruta Kresling, <\/span> sp\u00e9cialiste en design exp\u00e9rimental et bionique.<\/strong><\/p>\n<p style=\"text-align: left;\"><strong>Les conf\u00e9rences se d\u00e9rouleront comme suit :<\/strong><\/p>\n<p style=\"text-align: justify;\">&#8211; D\u00e9couverte de formes pli\u00e9es dans la nature (projection d&rsquo;images)<br \/>\n&#8211; Transposition du principe m\u00e9canique appliqu\u00e9 au pliage (d\u00e9monstration et travaux pratiques pour les participants)<br \/>\n&#8211; Exemples d&rsquo;applications de ces formes dans diff\u00e9rents domaines : spatial, m\u00e9dical, mat\u00e9riaux intelligents, industriel&#8230;..<br \/>\n<strong><em>Modalit\u00e9s :<\/em><\/strong><\/p>\n<p style=\"text-align: justify;\">&#8211; Groupe de 10 personnes par conf\u00e9rence. Conf\u00e9rences accessibles \u00e0 tous les adolescents et adultes.<br \/>\n&#8211; Dur\u00e9e : 1h30<br \/>\n&#8211; Petit mat\u00e9riel ,\u00e0 apporter par chaque participant : 1 paire de ciseaux, un stylo bille, une r\u00e8gle plate de 30 cm, un petit tube de colle b\u00e2ton, une boite type archive (21x30x6 \u00e0 10cm) pour transport maquettes.<br \/>\n&#8211; Participation aux frais : 18\u20ac par conf\u00e9rence (comprend tout le mat\u00e9riel papier et accessoires : tubes, patrons&#8230;)<\/p>\n<p>&nbsp;<\/p>\n<div id='gallery-1' class='gallery galleryid-6613 gallery-columns-2 gallery-size-large'><figure class='gallery-item'>\n\t\t\t<div class='gallery-icon portrait'>\n\t\t\t\t<a href='https:\/\/www.19paulfort.com\/galerie\/bk\/'><img loading=\"lazy\" decoding=\"async\" width=\"283\" height=\"400\" src=\"https:\/\/www.19paulfort.com\/galerie\/wp-content\/uploads\/2018\/11\/bk.jpg\" class=\"attachment-large size-large\" alt=\"\" aria-describedby=\"gallery-1-6610\" srcset=\"https:\/\/www.19paulfort.com\/galerie\/wp-content\/uploads\/2018\/11\/bk.jpg 283w, https:\/\/www.19paulfort.com\/galerie\/wp-content\/uploads\/2018\/11\/bk-212x300.jpg 212w\" sizes=\"auto, (max-width: 283px) 100vw, 283px\" \/><\/a>\n\t\t\t<\/div>\n\t\t\t\t<figcaption class='wp-caption-text gallery-caption' id='gallery-1-6610'>\n\t\t\t\t<p style=\"text-align: left;\"><b>Samedi 8 d\u00e9cembre \u00e0 14h &#8211; Th\u00e8me du d\u00e9ploiement des feuilles d&rsquo;arbres au printemps <\/b>&#8211; Corr\u00e9lation avec les d\u00e9ploiements des panneaux solaires spatiaux\n\t\t\t\t<\/figcaption><\/figure><figure class='gallery-item'>\n\t\t\t<div class='gallery-icon portrait'>\n\t\t\t\t<a href='https:\/\/www.19paulfort.com\/galerie\/bk2\/'><img loading=\"lazy\" decoding=\"async\" width=\"288\" height=\"397\" src=\"https:\/\/www.19paulfort.com\/galerie\/wp-content\/uploads\/2018\/11\/bk2.jpg\" class=\"attachment-large size-large\" alt=\"\" aria-describedby=\"gallery-1-6609\" srcset=\"https:\/\/www.19paulfort.com\/galerie\/wp-content\/uploads\/2018\/11\/bk2.jpg 288w, https:\/\/www.19paulfort.com\/galerie\/wp-content\/uploads\/2018\/11\/bk2-218x300.jpg 218w\" sizes=\"auto, (max-width: 288px) 100vw, 288px\" \/><\/a>\n\t\t\t<\/div>\n\t\t\t\t<figcaption class='wp-caption-text gallery-caption' id='gallery-1-6609'>\n\t\t\t\t<p style=\"text-align: right;\"><b>Dimanche 9 d\u00e9cembre \u00e0 14h &#8211;  Th\u00e8me de la croissance d&rsquo;une pomme de pin<\/b>&#8211; Corr\u00e9lation avec une application m\u00e9dicale : le stent\n\t\t\t\t<\/figcaption><\/figure><figure class='gallery-item'>\n\t\t\t<div class='gallery-icon portrait'>\n\t\t\t\t<a href='https:\/\/www.19paulfort.com\/galerie\/bk3\/'><img loading=\"lazy\" decoding=\"async\" width=\"280\" height=\"390\" src=\"https:\/\/www.19paulfort.com\/galerie\/wp-content\/uploads\/2018\/11\/BK3.jpg\" class=\"attachment-large size-large\" alt=\"\" aria-describedby=\"gallery-1-6608\" srcset=\"https:\/\/www.19paulfort.com\/galerie\/wp-content\/uploads\/2018\/11\/BK3.jpg 280w, https:\/\/www.19paulfort.com\/galerie\/wp-content\/uploads\/2018\/11\/BK3-215x300.jpg 215w\" sizes=\"auto, (max-width: 280px) 100vw, 280px\" \/><\/a>\n\t\t\t<\/div>\n\t\t\t\t<figcaption class='wp-caption-text gallery-caption' id='gallery-1-6608'>\n\t\t\t\t<p style=\"text-align: left;\"><b>Jeudi 13 d\u00e9cembre \u00e0 14h &#8211; Th\u00e8me: \u00e9tude du n\u0153ud de bambou<\/b>&#8211; Corr\u00e9lation avec tubes et prismes ultral\u00e9ger  ; applications pour design de meubles, emballages&#8230;\n\n\t\t\t\t<\/figcaption><\/figure><figure class='gallery-item'>\n\t\t\t<div class='gallery-icon portrait'>\n\t\t\t\t<a href='https:\/\/www.19paulfort.com\/galerie\/bk4\/'><img loading=\"lazy\" decoding=\"async\" width=\"282\" height=\"396\" src=\"https:\/\/www.19paulfort.com\/galerie\/wp-content\/uploads\/2018\/11\/BK4.jpg\" class=\"attachment-large size-large\" alt=\"\" aria-describedby=\"gallery-1-6607\" srcset=\"https:\/\/www.19paulfort.com\/galerie\/wp-content\/uploads\/2018\/11\/BK4.jpg 282w, https:\/\/www.19paulfort.com\/galerie\/wp-content\/uploads\/2018\/11\/BK4-214x300.jpg 214w\" sizes=\"auto, (max-width: 282px) 100vw, 282px\" \/><\/a>\n\t\t\t<\/div>\n\t\t\t\t<figcaption class='wp-caption-text gallery-caption' id='gallery-1-6607'>\n\t\t\t\t<p style=\"text-align: right;\"><b>Samedi 15 d\u00e9cembre \u00e0 14h &#8211; Th\u00e8me : \u00e9tude du syst\u00e8me respiratoire d&rsquo;un papillon de nuit <\/B>&#8211; Corr\u00e9lation avec une forme m\u00e9canique : passage de la forme tube \u00e0 la forme anneau et vice versa, par pliage en torsion.\n\t\t\t\t<\/figcaption><\/figure>\n\t\t<\/div>\n\n","protected":false},"excerpt":{"rendered":"<p>Dans le cadre de l&rsquo;exposition : Autour du Japon (VII) Origami scientifique 8, 9, 13, 15 d\u00e9cembre conf\u00e9rences-projections-applications pratiques par Biruta Kresling, sp\u00e9cialiste en design exp\u00e9rimental et bionique. Les conf\u00e9rences se d\u00e9rouleront comme suit : &#8211; D\u00e9couverte de formes pli\u00e9es dans la nature (projection d&rsquo;images) &#8211; Transposition du principe m\u00e9canique appliqu\u00e9 au pliage (d\u00e9monstration et&hellip;<a href=\"https:\/\/www.19paulfort.com\/galerie\/index.php\/2018\/11\/15\/rencontre-conference-origami-scientifique-8-9-13-et-15-decembre-2018\/\" class=\"more-link\">Continue reading <span class=\"screen-reader-text\">12 &#8211; 08 \/ 09 \/ 13 \/ 15 d\u00e9cembre &#8211; Rencontre &#8211; conf\u00e9rence &#8211; Origami scientifique<\/span><\/a><\/p>\n","protected":false},"author":1,"featured_media":0,"comment_status":"closed","ping_status":"closed","sticky":false,"template":"","format":"standard","meta":{"footnotes":""},"categories":[46,7,51],"tags":[],"class_list":["post-6613","post","type-post","status-publish","format-standard","hentry","category-evenements-2018","category-evenements-passes","category-rencontres"],"_links":{"self":[{"href":"https:\/\/www.19paulfort.com\/galerie\/index.php\/wp-json\/wp\/v2\/posts\/6613","targetHints":{"allow":["GET"]}}],"collection":[{"href":"https:\/\/www.19paulfort.com\/galerie\/index.php\/wp-json\/wp\/v2\/posts"}],"about":[{"href":"https:\/\/www.19paulfort.com\/galerie\/index.php\/wp-json\/wp\/v2\/types\/post"}],"author":[{"embeddable":true,"href":"https:\/\/www.19paulfort.com\/galerie\/index.php\/wp-json\/wp\/v2\/users\/1"}],"replies":[{"embeddable":true,"href":"https:\/\/www.19paulfort.com\/galerie\/index.php\/wp-json\/wp\/v2\/comments?post=6613"}],"version-history":[{"count":8,"href":"https:\/\/www.19paulfort.com\/galerie\/index.php\/wp-json\/wp\/v2\/posts\/6613\/revisions"}],"predecessor-version":[{"id":12880,"href":"https:\/\/www.19paulfort.com\/galerie\/index.php\/wp-json\/wp\/v2\/posts\/6613\/revisions\/12880"}],"wp:attachment":[{"href":"https:\/\/www.19paulfort.com\/galerie\/index.php\/wp-json\/wp\/v2\/media?parent=6613"}],"wp:term":[{"taxonomy":"category","embeddable":true,"href":"https:\/\/www.19paulfort.com\/galerie\/index.php\/wp-json\/wp\/v2\/categories?post=6613"},{"taxonomy":"post_tag","embeddable":true,"href":"https:\/\/www.19paulfort.com\/galerie\/index.php\/wp-json\/wp\/v2\/tags?post=6613"}],"curies":[{"name":"wp","href":"https:\/\/api.w.org\/{rel}","templated":true}]}}