{"id":6814,"date":"2018-12-22T21:12:15","date_gmt":"2018-12-22T20:12:15","guid":{"rendered":"http:\/\/www.19paulfort.com\/galerie\/?p=6814"},"modified":"2018-12-22T21:56:25","modified_gmt":"2018-12-22T20:56:25","slug":"bost-florence","status":"publish","type":"post","link":"https:\/\/www.19paulfort.com\/galerie\/index.php\/2018\/12\/22\/bost-florence\/","title":{"rendered":"BOST Florence &#8211;"},"content":{"rendered":"<h1 style=\"text-align: left;\">Florence Bost<\/h1>\n<p style=\"text-align: left;\"><strong>Designer, cr\u00e9atrice de textiles dits \u00ab intelligents \u00bb<\/strong><\/p>\n<p>Vit et travaille a\u0300 Paris.<\/p>\n<p style=\"text-align: justify;\">Florence expose ses premiers textiles oniriques et \u00e9lectroniques en 1991. En 1998, elle est laur\u00e9ate de la Villa Kujoyama (Japon) pour son jacquard sonore alliant micro\u00e9lectronique et savoir-faire traditionnel. Elle travaille pour l&rsquo;architecture int\u00e9rieure, le monde de l&rsquo;industrie et le milieu du spectacle. Elle pre\u0301sente r\u00e9guli\u00e8rement en Europe des installations artistiques qui m\u00ealent les langages de la po\u00e9sie, de l&rsquo;\u00e9lectronique et de l&rsquo;nteractivit\u00e9. Elle enseigne son savoir au Craslab et donne des conf\u00e9rences sur les textiles et les nouvelles technologies.<\/p>\n<p style=\"text-align: justify;\">Son dernier livre<em> Textiles, innovations et mati\u00e8res actives<\/em> met en lumi\u00e8re les applications fascinantes de ces nouvelles mati\u00e8res, qui du statut de textiles techniques glissent vers le monde informel des mati\u00e8res souples et interactives dont l&rsquo;action se d\u00e9ploie bien au-del\u00e0 de leurs propres limites physiques.<\/p>\n<p style=\"text-align: justify;\">Par son expertise transversale et europ\u00e9enne de l&rsquo;\u00e9volution des nouveaux textiles, cet ouvrage se veut la somme des derni\u00e8res tendances et des nouveaux process de cr\u00e9ation associant d\u00e9marches \u00e9thiques et \u00e9cologiques.<br \/>\nDepuis leur apparition dans les ann\u00e9es 1980, les textiles \u00e0 fonctions actives, dits aussi \u00ab\u00a0textiles intelligents\u00a0\u00bb, \u00ab\u00a0smart textiles\u00a0\u00bb ou \u00ab\u00a0e-textiles\u00a0\u00bb, sont un march\u00e9 en pleine expansion. Leur apparente simplicit\u00e9 cache une complexit\u00e9 de conception passionnante. Entre technologie et artisanat, leur design est un exercice de haute voltige o\u00f9 des \u00e9quipes pluridisciplinaires doivent se comprendre et unir leurs comp\u00e9tences.<\/p>\n<p style=\"text-align: justify;\"><em>\u00ab\u00a0Les textiles \u00e0 fonctions actives sont des ambassadeurs de valeurs visibles et invisibles. Ils nous interrogent sur la place du high-tech dans notre quotidien, sur les changements r\u00e9els que ces \u00ab\u00a0deuxi\u00e8mes peaux\u00a0\u00bb impliquent. Ils insufflent de nouveaux comportements cr\u00e9atifs qui forcent \u00e0 l&rsquo;optimisme\u00a0\u00bb.<\/em><\/p>\n<hr \/>\n<p style=\"text-align: justify;\"><strong>Cette artiste a particip\u00e9 au 19 Paul Fort \u00e0 :<\/strong><br \/>\n&gt; <a href=\"http:\/\/www.19paulfort.com\/galerie\/index.php\/2018\/12\/22\/exposition-tradition-persistante-richard-batterham-florence-bost-fatima-leveque-10-au-27-janvier-2019\/\">L&rsquo;exposition de groupe\u00a0 \u00ab\u00a0Tradition persistante\u00a0\u00bb du 10 au 27 janvier 2019<\/a><\/p>\n","protected":false},"excerpt":{"rendered":"<p>Florence Bost Designer, cr\u00e9atrice de textiles dits \u00ab intelligents \u00bb Vit et travaille a\u0300 Paris. Florence expose ses premiers textiles oniriques et \u00e9lectroniques en 1991. En 1998, elle est laur\u00e9ate de la Villa Kujoyama (Japon) pour son jacquard sonore alliant micro\u00e9lectronique et savoir-faire traditionnel. Elle travaille pour l&rsquo;architecture int\u00e9rieure, le monde de l&rsquo;industrie et le&hellip;<a href=\"https:\/\/www.19paulfort.com\/galerie\/index.php\/2018\/12\/22\/bost-florence\/\" class=\"more-link\">Continue reading <span class=\"screen-reader-text\">BOST Florence &#8211;<\/span><\/a><\/p>\n","protected":false},"author":1,"featured_media":0,"comment_status":"closed","ping_status":"closed","sticky":false,"template":"","format":"standard","meta":{"footnotes":""},"categories":[18,29,20,19],"tags":[],"class_list":["post-6814","post","type-post","status-publish","format-standard","hentry","category-artistes-invites","category-createurs-textiles","category-par-nom","category-par-pratique-artistique"],"_links":{"self":[{"href":"https:\/\/www.19paulfort.com\/galerie\/index.php\/wp-json\/wp\/v2\/posts\/6814","targetHints":{"allow":["GET"]}}],"collection":[{"href":"https:\/\/www.19paulfort.com\/galerie\/index.php\/wp-json\/wp\/v2\/posts"}],"about":[{"href":"https:\/\/www.19paulfort.com\/galerie\/index.php\/wp-json\/wp\/v2\/types\/post"}],"author":[{"embeddable":true,"href":"https:\/\/www.19paulfort.com\/galerie\/index.php\/wp-json\/wp\/v2\/users\/1"}],"replies":[{"embeddable":true,"href":"https:\/\/www.19paulfort.com\/galerie\/index.php\/wp-json\/wp\/v2\/comments?post=6814"}],"version-history":[{"count":9,"href":"https:\/\/www.19paulfort.com\/galerie\/index.php\/wp-json\/wp\/v2\/posts\/6814\/revisions"}],"predecessor-version":[{"id":6845,"href":"https:\/\/www.19paulfort.com\/galerie\/index.php\/wp-json\/wp\/v2\/posts\/6814\/revisions\/6845"}],"wp:attachment":[{"href":"https:\/\/www.19paulfort.com\/galerie\/index.php\/wp-json\/wp\/v2\/media?parent=6814"}],"wp:term":[{"taxonomy":"category","embeddable":true,"href":"https:\/\/www.19paulfort.com\/galerie\/index.php\/wp-json\/wp\/v2\/categories?post=6814"},{"taxonomy":"post_tag","embeddable":true,"href":"https:\/\/www.19paulfort.com\/galerie\/index.php\/wp-json\/wp\/v2\/tags?post=6814"}],"curies":[{"name":"wp","href":"https:\/\/api.w.org\/{rel}","templated":true}]}}