{"id":6894,"date":"2019-01-12T09:24:37","date_gmt":"2019-01-12T08:24:37","guid":{"rendered":"http:\/\/www.19paulfort.com\/galerie\/?p=6894"},"modified":"2025-03-01T17:24:36","modified_gmt":"2025-03-01T16:24:36","slug":"concert-duo-continuum-j-m-larche-saxophone-y-rousseau-cxontrebasse-21-janvier-2019","status":"publish","type":"post","link":"https:\/\/www.19paulfort.com\/galerie\/index.php\/2019\/01\/12\/concert-duo-continuum-j-m-larche-saxophone-y-rousseau-cxontrebasse-21-janvier-2019\/","title":{"rendered":"01 &#8211; 21 janvier 2019 &#8211; Concert &#8211; Duo Continuum, J-M Larch\u00e9 (saxophone), Y. Rousseau (contrebasse) &#8211;"},"content":{"rendered":"<h1><img loading=\"lazy\" decoding=\"async\" class=\"aligncenter size-full wp-image-6969\" src=\"http:\/\/www.19paulfort.com\/galerie\/wp-content\/uploads\/2019\/01\/Duo.jpg\" alt=\"\" width=\"567\" height=\"814\" srcset=\"https:\/\/www.19paulfort.com\/galerie\/wp-content\/uploads\/2019\/01\/Duo.jpg 567w, https:\/\/www.19paulfort.com\/galerie\/wp-content\/uploads\/2019\/01\/Duo-209x300.jpg 209w\" sizes=\"auto, (max-width: 567px) 100vw, 567px\" \/><br \/>\nDuo Continuum<\/h1>\n<p>Jean-Marc Larch\u00e9<\/p>\n<p><strong>(saxophone soprano)<\/strong><\/p>\n<h1>Yves Rousseau<\/h1>\n<p><strong>(contrebasse)<\/strong><\/p>\n<p><strong>21 janvier 2019<\/strong><\/p>\n<p><img loading=\"lazy\" decoding=\"async\" class=\"aligncenter size-full wp-image-6910\" src=\"http:\/\/www.19paulfort.com\/galerie\/wp-content\/uploads\/2019\/01\/DuoContinuum-1.jpg\" alt=\"\" width=\"1190\" height=\"1683\" srcset=\"https:\/\/www.19paulfort.com\/galerie\/wp-content\/uploads\/2019\/01\/DuoContinuum-1.jpg 1190w, https:\/\/www.19paulfort.com\/galerie\/wp-content\/uploads\/2019\/01\/DuoContinuum-1-212x300.jpg 212w, https:\/\/www.19paulfort.com\/galerie\/wp-content\/uploads\/2019\/01\/DuoContinuum-1-768x1086.jpg 768w, https:\/\/www.19paulfort.com\/galerie\/wp-content\/uploads\/2019\/01\/DuoContinuum-1-724x1024.jpg 724w, https:\/\/www.19paulfort.com\/galerie\/wp-content\/uploads\/2019\/01\/DuoContinuum-1-750x1061.jpg 750w\" sizes=\"auto, (max-width: 1190px) 100vw, 1190px\" \/><br \/>\n<strong>&gt; Voir la fiche d&rsquo;<a href=\"http:\/\/www.19paulfort.com\/galerie\/index.php\/2019\/01\/11\/rousseau-yves\/\">Yves Rousseau<\/a><\/strong><br \/>\n<strong>&gt; Voir la fiche de <a href=\"http:\/\/www.19paulfort.com\/galerie\/index.php\/2019\/01\/11\/larche-jean-marc\/\">Jean-Marc Larch\u00e9<\/a><br \/>\n<\/strong><\/p>\n<hr \/>\n<p><strong>Photographie de G\u00e9rard Uf\u00e9ras<\/strong><\/p>\n<p><img loading=\"lazy\" decoding=\"async\" class=\"aligncenter size-full wp-image-6974\" src=\"http:\/\/www.19paulfort.com\/galerie\/wp-content\/uploads\/2019\/01\/92A5200.jpg\" alt=\"\" width=\"2362\" height=\"1804\" srcset=\"https:\/\/www.19paulfort.com\/galerie\/wp-content\/uploads\/2019\/01\/92A5200.jpg 2362w, https:\/\/www.19paulfort.com\/galerie\/wp-content\/uploads\/2019\/01\/92A5200-300x229.jpg 300w, https:\/\/www.19paulfort.com\/galerie\/wp-content\/uploads\/2019\/01\/92A5200-768x587.jpg 768w, https:\/\/www.19paulfort.com\/galerie\/wp-content\/uploads\/2019\/01\/92A5200-1024x782.jpg 1024w, https:\/\/www.19paulfort.com\/galerie\/wp-content\/uploads\/2019\/01\/92A5200-750x573.jpg 750w\" sizes=\"auto, (max-width: 2362px) 100vw, 2362px\" \/><\/p>\n","protected":false},"excerpt":{"rendered":"<p>Duo Continuum Jean-Marc Larch\u00e9 (saxophone soprano) Yves Rousseau (contrebasse) 21 janvier 2019 &gt; Voir la fiche d&rsquo;Yves Rousseau &gt; Voir la fiche de Jean-Marc Larch\u00e9 Photographie de G\u00e9rard Uf\u00e9ras<\/p>\n","protected":false},"author":1,"featured_media":0,"comment_status":"closed","ping_status":"closed","sticky":false,"template":"","format":"standard","meta":{"footnotes":""},"categories":[17,52,7],"tags":[],"class_list":["post-6894","post","type-post","status-publish","format-standard","hentry","category-concerts","category-evenements-2019","category-evenements-passes"],"_links":{"self":[{"href":"https:\/\/www.19paulfort.com\/galerie\/index.php\/wp-json\/wp\/v2\/posts\/6894","targetHints":{"allow":["GET"]}}],"collection":[{"href":"https:\/\/www.19paulfort.com\/galerie\/index.php\/wp-json\/wp\/v2\/posts"}],"about":[{"href":"https:\/\/www.19paulfort.com\/galerie\/index.php\/wp-json\/wp\/v2\/types\/post"}],"author":[{"embeddable":true,"href":"https:\/\/www.19paulfort.com\/galerie\/index.php\/wp-json\/wp\/v2\/users\/1"}],"replies":[{"embeddable":true,"href":"https:\/\/www.19paulfort.com\/galerie\/index.php\/wp-json\/wp\/v2\/comments?post=6894"}],"version-history":[{"count":8,"href":"https:\/\/www.19paulfort.com\/galerie\/index.php\/wp-json\/wp\/v2\/posts\/6894\/revisions"}],"predecessor-version":[{"id":12907,"href":"https:\/\/www.19paulfort.com\/galerie\/index.php\/wp-json\/wp\/v2\/posts\/6894\/revisions\/12907"}],"wp:attachment":[{"href":"https:\/\/www.19paulfort.com\/galerie\/index.php\/wp-json\/wp\/v2\/media?parent=6894"}],"wp:term":[{"taxonomy":"category","embeddable":true,"href":"https:\/\/www.19paulfort.com\/galerie\/index.php\/wp-json\/wp\/v2\/categories?post=6894"},{"taxonomy":"post_tag","embeddable":true,"href":"https:\/\/www.19paulfort.com\/galerie\/index.php\/wp-json\/wp\/v2\/tags?post=6894"}],"curies":[{"name":"wp","href":"https:\/\/api.w.org\/{rel}","templated":true}]}}