{"id":6898,"date":"2019-01-11T19:52:34","date_gmt":"2019-01-11T18:52:34","guid":{"rendered":"http:\/\/www.19paulfort.com\/galerie\/?p=6898"},"modified":"2019-01-22T20:19:58","modified_gmt":"2019-01-22T19:19:58","slug":"larche-jean-marc","status":"publish","type":"post","link":"https:\/\/www.19paulfort.com\/galerie\/index.php\/2019\/01\/11\/larche-jean-marc\/","title":{"rendered":"LARCH\u00c9 Jean-Marc \u2022"},"content":{"rendered":"<h1><img loading=\"lazy\" decoding=\"async\" class=\"aligncenter size-full wp-image-6966\" src=\"http:\/\/www.19paulfort.com\/galerie\/wp-content\/uploads\/2019\/01\/Larche.jpg\" alt=\"\" width=\"567\" height=\"675\" srcset=\"https:\/\/www.19paulfort.com\/galerie\/wp-content\/uploads\/2019\/01\/Larche.jpg 567w, https:\/\/www.19paulfort.com\/galerie\/wp-content\/uploads\/2019\/01\/Larche-252x300.jpg 252w\" sizes=\"auto, (max-width: 567px) 100vw, 567px\" \/><br \/>\nJean-Marc LARCH\u00c9<\/h1>\n<p><strong>Saxophone soprano<\/strong><\/p>\n<p style=\"text-align: justify;\">Premier prix de saxophone \u00e0 l\u2019unanimit\u00e9 au CNSM de Paris en 1984, et prim\u00e9 l\u2019ann\u00e9e suivante au Concours de Jazz \u00e0 la D\u00e9fense, Jean-Marc Larch\u00e9 est fait d\u2019une double culture musicale classique et jazz. En 1998 il compose, avec Fran\u00e7ois Couturier la musique d\u2019un op\u00e9ra, \u00ab Mozart Wolfgang, suite et fugue \u00bb. Il se produit avec des artistes d\u2019horizons diff\u00e9rents : Martial Solal, Richard Galliano, Anouar Brahem, Orchestre National de Jazz, Lambert Wilson, Palle Danielsson, Jon Christensen, Anja Lechner, Fran\u00e7ois M\u00e9chali, Jean-Louis Matinier, R\u00e9gis Huby, Christophe Marguet, Michel Edelin, Jean-Paul C\u00e9lea, Gian-Luigi Trovesi\u2026<\/p>\n<p style=\"text-align: justify;\">On peut l\u2019entendre \u00e0 travers ses nombreux enregistrements sur les labels ECM, Le chant du monde ou encore Abalone Productions avec les artistes d\u00e9j\u00e0 cit\u00e9s. Parmi ses derni\u00e8res collaborations on retient le dernier disque du Tarkovsky Quartet de Fran\u00e7ois Couturier sur le label ECM en 2017, le quartet Akasha (Choc Jazz Magazine et ELU Citizen Jazz) et le Wanderer Septet d\u2019Yves Rousseau parus en 2015 sur le label Abalone Productions.<\/p>\n<p style=\"text-align: justify;\">Ses interpr\u00e9tations sont tr\u00e8s remarqu\u00e9es de la critique pour sa palette sonore allant des sons diphoniques aux sons bois\u00e9es, duvet\u00e9s, feutr\u00e9s\u2026<\/p>\n<p style=\"text-align: justify;\">Jean-Marc Larch\u00e9 se produit dans de prestigieux festivals europ\u00e9ens et partage sa musique jusqu\u2019en Afrique du Nord et en Asie. Plus r\u00e9cemment c\u2019est avec le Tarkovsky Quartet de Fran\u00e7ois Couturier et dans les diff\u00e9rentes formations d\u2019Yves Rousseau qu\u2019on peut l\u2019entendre<\/p>\n<p style=\"text-align: justify;\">Avec le duo Continuum, il renoue avec la composition. En juin 2016 il se produit en tant que soliste \u00e0 l\u2019abbaye de Noirlac avec l\u2019ensemble Pasipha\u00eb dirig\u00e9 par Lo\u00efc Pierre pour la cr\u00e9ation du projet D\u2019Amour et de Folie, grande suite pour ch\u0153ur et saxophone soprano \u00e9crite par Yves Rousseau sur des sonnets de Louise Lab\u00e9.<\/p>\n<p style=\"text-align: justify;\">\u00ab \u2026 Avec le nouveau si\u00e8cle enfin sont apparus en France deux sp\u00e9cialistes du soprano, Jean-Marc Larch\u00e9 et Vincent L\u00ea Quang qui combinent chacun \u00e0 leur fa\u00e7on l\u2019h\u00e9ritage de Marcel Mule avec celui des grands stylistes que sont Steve Lacy, David Liebman et Evan Parker. Ils portent la pr\u00e9cision du phras\u00e9 et du contr\u00f4le timbral de l\u2019instrument \u00e0 un niveau peu \u00e9gal\u00e9 dans le domaine de la musique improvis\u00e9e. \u00bb Franck Bergerot<\/p>\n<hr \/>\n<p style=\"text-align: justify;\"><strong>Cet artiste a particip\u00e9 au 19PaulFort \u00e0 :<\/strong><br \/>\n<a href=\"http:\/\/www.19paulfort.com\/galerie\/index.php\/2019\/01\/12\/concert-duo-continuum-j-m-larche-saxophone-y-rousseau-cxontrebasse-21-janvier-2019\/\">&#8211; Un concert du duo Continuum avec Yves Rousseau (contrebasse) le 21 janvier 2019<\/a><\/p>\n<hr \/>\n<p style=\"text-align: justify;\"><strong>Photographie de G\u00e9rard Uf\u00e9ras<br \/>\n<\/strong><\/p>\n","protected":false},"excerpt":{"rendered":"<p>Jean-Marc LARCH\u00c9 Saxophone soprano Premier prix de saxophone \u00e0 l\u2019unanimit\u00e9 au CNSM de Paris en 1984, et prim\u00e9 l\u2019ann\u00e9e suivante au Concours de Jazz \u00e0 la D\u00e9fense, Jean-Marc Larch\u00e9 est fait d\u2019une double culture musicale classique et jazz. En 1998 il compose, avec Fran\u00e7ois Couturier la musique d\u2019un op\u00e9ra, \u00ab Mozart Wolfgang, suite et fugue&hellip;<a href=\"https:\/\/www.19paulfort.com\/galerie\/index.php\/2019\/01\/11\/larche-jean-marc\/\" class=\"more-link\">Continue reading <span class=\"screen-reader-text\">LARCH\u00c9 Jean-Marc \u2022<\/span><\/a><\/p>\n","protected":false},"author":1,"featured_media":0,"comment_status":"closed","ping_status":"closed","sticky":false,"template":"","format":"standard","meta":{"footnotes":""},"categories":[18,26,20,19],"tags":[],"class_list":["post-6898","post","type-post","status-publish","format-standard","hentry","category-artistes-invites","category-musiciens-compositeurs","category-par-nom","category-par-pratique-artistique"],"_links":{"self":[{"href":"https:\/\/www.19paulfort.com\/galerie\/index.php\/wp-json\/wp\/v2\/posts\/6898","targetHints":{"allow":["GET"]}}],"collection":[{"href":"https:\/\/www.19paulfort.com\/galerie\/index.php\/wp-json\/wp\/v2\/posts"}],"about":[{"href":"https:\/\/www.19paulfort.com\/galerie\/index.php\/wp-json\/wp\/v2\/types\/post"}],"author":[{"embeddable":true,"href":"https:\/\/www.19paulfort.com\/galerie\/index.php\/wp-json\/wp\/v2\/users\/1"}],"replies":[{"embeddable":true,"href":"https:\/\/www.19paulfort.com\/galerie\/index.php\/wp-json\/wp\/v2\/comments?post=6898"}],"version-history":[{"count":11,"href":"https:\/\/www.19paulfort.com\/galerie\/index.php\/wp-json\/wp\/v2\/posts\/6898\/revisions"}],"predecessor-version":[{"id":6985,"href":"https:\/\/www.19paulfort.com\/galerie\/index.php\/wp-json\/wp\/v2\/posts\/6898\/revisions\/6985"}],"wp:attachment":[{"href":"https:\/\/www.19paulfort.com\/galerie\/index.php\/wp-json\/wp\/v2\/media?parent=6898"}],"wp:term":[{"taxonomy":"category","embeddable":true,"href":"https:\/\/www.19paulfort.com\/galerie\/index.php\/wp-json\/wp\/v2\/categories?post=6898"},{"taxonomy":"post_tag","embeddable":true,"href":"https:\/\/www.19paulfort.com\/galerie\/index.php\/wp-json\/wp\/v2\/tags?post=6898"}],"curies":[{"name":"wp","href":"https:\/\/api.w.org\/{rel}","templated":true}]}}