{"id":6901,"date":"2019-01-11T19:52:58","date_gmt":"2019-01-11T18:52:58","guid":{"rendered":"http:\/\/www.19paulfort.com\/galerie\/?p=6901"},"modified":"2019-01-22T20:19:38","modified_gmt":"2019-01-22T19:19:38","slug":"rousseau-yves","status":"publish","type":"post","link":"https:\/\/www.19paulfort.com\/galerie\/index.php\/2019\/01\/11\/rousseau-yves\/","title":{"rendered":"ROUSSEAU Yves \u2022"},"content":{"rendered":"<h1><img loading=\"lazy\" decoding=\"async\" class=\"aligncenter size-full wp-image-6964\" src=\"http:\/\/www.19paulfort.com\/galerie\/wp-content\/uploads\/2019\/01\/Rousseau.jpg\" alt=\"\" width=\"519\" height=\"625\" srcset=\"https:\/\/www.19paulfort.com\/galerie\/wp-content\/uploads\/2019\/01\/Rousseau.jpg 519w, https:\/\/www.19paulfort.com\/galerie\/wp-content\/uploads\/2019\/01\/Rousseau-249x300.jpg 249w\" sizes=\"auto, (max-width: 519px) 100vw, 519px\" \/><br \/>\nYves Rousseau<\/h1>\n<p><strong>Contrebasse, composition<\/strong><\/p>\n<p style=\"text-align: justify;\">D\u00e8s sa plus tendre enfance, il \u00e9coute de la musique en famille et d\u00e9couvre la contrebasse en \u00e9coutant Pierre Michelot et Patrice Caratini. Il \u00e9tudie l\u2019instrument avec Jacques Cazauran au CNR de Versailles entre 1982 et 1987.<\/p>\n<p style=\"text-align: justify;\">Il m\u00e8ne de multiples exp\u00e9riences en orchestre de chambre et symphonique et fait quelques incursions dans la musique baroque, contemporaine et \u00e9lectro-acoustique. Parall\u00e8lement, il s\u2019inscrit au Centre d\u2019Informations Musicales pour y apprendre les rudiments du jazz.<\/p>\n<p style=\"text-align: justify;\">En 1984 il rencontre au sein de l\u2019Ensemble franco-allemand de Jazz Jean-Francois Jenny-Clark qui le conduit \u00e0 changer sensiblement sa perception musicale. Il co-dirige ce m\u00eame ensemble avec Albert Mangelsdorff entre 1990 et 1993.<\/p>\n<p style=\"text-align: justify;\">De 1990 \u00e0 1996, il enseigne au Centre d\u2019Informations Musicales. Il est r\u00e9guli\u00e8rement invit\u00e9 \u00e0 intervenir au d\u00e9partement Jazz du CNSM de Paris et enseigne entre 2003 et 2008 au CNR de Metz (contrebasse et ateliers d\u2019ensemble)<\/p>\n<p style=\"text-align: justify;\">Il participe dans les ann\u00e9es 90 \u00e0 la vie de plusieurs orchestres pratiquant des musiques tr\u00e8s diff\u00e9rentes les unes des autres, aux confins du jazz et des musiques improvis\u00e9es.<\/p>\n<p style=\"text-align: justify;\">Il enregistre avec, entre autres, l\u2019Ensemble \u00ab Archimusic \u00bb, Senem Diyici, Sylvain Kassap \/ Okay Temiz, Ecume Quintet, Trio \u00e0 Boum,Trio Rousseau\/Tortiller\/Vignon, Jacques Mahieux, Jean-Marc Padovani, Trio Bertrand Renaudin (avec Herv\u00e9 Sellin), ou encore Kudsi Erg\u00fcner.<\/p>\n<p style=\"text-align: justify;\">Bien qu\u2019ayant particip\u00e9 \u00e0 de nombreuses aventures avec des artistes issus de mondes diff\u00e9rents (Philippe Caub\u00e8re, Jessye Norman, Pierre Etaix, Lambert Wilson ou Pierre Perret\u2026), ce sont les exp\u00e9riences au long terme qu\u2019il privil\u00e9gie dor\u00e9navant en tant que leader pour des musiques alliant \u00e9criture et improvisation, puisant son inspiration dans la force et le lyrisme du jazz. A ce titre, il met l\u2019accent sur son quartet r\u00e9unissant Jean-Marc Larch\u00e9, R\u00e9gis Huby et Christophe Marguet : 2\u00e8me album au Chant du Monde\/Harmonia Mundi, intitul\u00e9 \u00ab Sarsara \u00bb, en 2005.<\/p>\n<p style=\"text-align: justify;\">Habitu\u00e9 \u00e0 mener des r\u00e9sidences artistiques dans des structures tr\u00e8s diff\u00e9rentes, il aime \u00e0 d\u00e9velopper simultan\u00e9ment un travail de diffusion et de cr\u00e9ation ainsi qu\u2019un travail p\u00e9dagogique. Il participe \u00e0 une premi\u00e8re r\u00e9sidence au sein du festival Jazz sous les Pommiers et de la saison culturelle de Coutances en tandem avec le vibraphoniste Franck Tortiller entre 1993 et 1996, puis en solo au sein de la saison culturelle de la ville de Nangis en Seine et Marne (c\u2019est l\u00e0 qu\u2019il cr\u00e9e le programme Po\u00e8te\u2026 Vos papiers! autour de l\u2019univers de L\u00e9o Ferr\u00e9 en 2007) et enfin au Centre des Arts d\u2019Enghien les Bains (sc\u00e8ne conventionn\u00e9e autour des arts num\u00e9riques) o\u00f9 il m\u00e8ne une r\u00e9sidence depuis 2009 jusqu\u2019en 2012. Ecriture d\u2019un r\u00e9pertoire, \u00ab Yarin \u00bb, pour l\u2019inauguration de l\u2019ann\u00e9e de la Turquie \u00e0 Enghien en octobre 2009 avec R\u00e9gis Huby, Cyril Hernandez, Derya T\u00fcrkan, joueur de kementch\u00e9 et Kudsi Erg\u00fcner, joueur de ney.<\/p>\n<p style=\"text-align: justify;\">Cr\u00e9ation en novembre 2010 \u00e0 la Cave D\u00eemi\u00e8re d\u2019Argenteuil du deuxi\u00e8me volet de \u00ab Po\u00e8te, Vos Papiers ! \u00bb avec Maria Laura Baccarini, com\u00e9dienne-chanteuse italienne<\/p>\n<p style=\"text-align: justify;\">Cr\u00e9ation en mars 2011 au Centre des Arts d\u2019Enghien d\u2019un spectacle multim\u00e9dia intitul\u00e9 \u00ab Veux-tu ? \u00bb sur des textes de Fabrice Melquiot, qui m\u00eale la musique, la danse et l\u2019image.<\/p>\n<p style=\"text-align: justify;\">Cr\u00e9ation en mai 2012 d\u2019un nouveau programme en quartet, \u00ab Akasha \u00bb, en collaboration avec le r\u00e9alisateur Patrick Volve pour la partie images, pr\u00e9pond\u00e9rante au m\u00eame titre que la musique dans cette proposition autour de l\u2019\u00e9vocation des 4 \u00e9l\u00e9ments<\/p>\n<p style=\"text-align: justify;\">Cr\u00e9ation en novembre 2013 du \u00ab Wanderer septet \u00bb autour d\u2019extraits \u00ab d\u00e9tourn\u00e9s \u00bb de la musique de Franz Schubert.<\/p>\n<p style=\"text-align: justify;\">Yves Rousseau est un asc\u00e8te de son instrument, un perfectionniste, un passionn\u00e9, toujours en qu\u00eate de justesse. Il est ouvert sur les musiques classique, contemporaine, improvis\u00e9es, du monde, sur la po\u00e9sie\u2026 C\u2019est un remarquable compositeur et arrangeur, qui fait partie des musiciens dont le jazz fran\u00e7ais peut \u00eatre fier ! \u00bb Denis Le Bas Directeur du Festival Jazz sous les pommiers.<\/p>\n<hr \/>\n<p><strong>Cet artiste a particip\u00e9 au 19PaulFort \u00e0 :<\/strong><\/p>\n<p style=\"text-align: justify;\"><a href=\"http:\/\/www.19paulfort.com\/galerie\/index.php\/2019\/01\/12\/concert-duo-continuum-j-m-larche-saxophone-y-rousseau-cxontrebasse-21-janvier-2019\/\">&#8211; Un concert du duo Continuum avec Jean-Marc Larch\u00e9 (saxophone) le 21 janvier 2019<\/a><\/p>\n<hr \/>\n<p style=\"text-align: justify;\"><strong>Photographie de G\u00e9rard Uf\u00e9ras<\/p>\n<p><\/strong><\/p>\n","protected":false},"excerpt":{"rendered":"<p>Yves Rousseau Contrebasse, composition D\u00e8s sa plus tendre enfance, il \u00e9coute de la musique en famille et d\u00e9couvre la contrebasse en \u00e9coutant Pierre Michelot et Patrice Caratini. Il \u00e9tudie l\u2019instrument avec Jacques Cazauran au CNR de Versailles entre 1982 et 1987. Il m\u00e8ne de multiples exp\u00e9riences en orchestre de chambre et symphonique et fait quelques&hellip;<a href=\"https:\/\/www.19paulfort.com\/galerie\/index.php\/2019\/01\/11\/rousseau-yves\/\" class=\"more-link\">Continue reading <span class=\"screen-reader-text\">ROUSSEAU Yves \u2022<\/span><\/a><\/p>\n","protected":false},"author":1,"featured_media":0,"comment_status":"closed","ping_status":"closed","sticky":false,"template":"","format":"standard","meta":{"footnotes":""},"categories":[18,26,20,19],"tags":[],"class_list":["post-6901","post","type-post","status-publish","format-standard","hentry","category-artistes-invites","category-musiciens-compositeurs","category-par-nom","category-par-pratique-artistique"],"_links":{"self":[{"href":"https:\/\/www.19paulfort.com\/galerie\/index.php\/wp-json\/wp\/v2\/posts\/6901","targetHints":{"allow":["GET"]}}],"collection":[{"href":"https:\/\/www.19paulfort.com\/galerie\/index.php\/wp-json\/wp\/v2\/posts"}],"about":[{"href":"https:\/\/www.19paulfort.com\/galerie\/index.php\/wp-json\/wp\/v2\/types\/post"}],"author":[{"embeddable":true,"href":"https:\/\/www.19paulfort.com\/galerie\/index.php\/wp-json\/wp\/v2\/users\/1"}],"replies":[{"embeddable":true,"href":"https:\/\/www.19paulfort.com\/galerie\/index.php\/wp-json\/wp\/v2\/comments?post=6901"}],"version-history":[{"count":7,"href":"https:\/\/www.19paulfort.com\/galerie\/index.php\/wp-json\/wp\/v2\/posts\/6901\/revisions"}],"predecessor-version":[{"id":6983,"href":"https:\/\/www.19paulfort.com\/galerie\/index.php\/wp-json\/wp\/v2\/posts\/6901\/revisions\/6983"}],"wp:attachment":[{"href":"https:\/\/www.19paulfort.com\/galerie\/index.php\/wp-json\/wp\/v2\/media?parent=6901"}],"wp:term":[{"taxonomy":"category","embeddable":true,"href":"https:\/\/www.19paulfort.com\/galerie\/index.php\/wp-json\/wp\/v2\/categories?post=6901"},{"taxonomy":"post_tag","embeddable":true,"href":"https:\/\/www.19paulfort.com\/galerie\/index.php\/wp-json\/wp\/v2\/tags?post=6901"}],"curies":[{"name":"wp","href":"https:\/\/api.w.org\/{rel}","templated":true}]}}