{"id":732,"date":"2016-06-07T07:18:53","date_gmt":"2016-06-07T06:18:53","guid":{"rendered":"http:\/\/www.19paulfort.com\/galerie\/?p=732"},"modified":"2026-03-08T20:26:27","modified_gmt":"2026-03-08T19:26:27","slug":"newton-lauren","status":"publish","type":"post","link":"https:\/\/www.19paulfort.com\/galerie\/index.php\/2016\/06\/07\/newton-lauren\/","title":{"rendered":"NEWTON Lauren"},"content":{"rendered":"<p><img loading=\"lazy\" decoding=\"async\" class=\"aligncenter\" src=\"http:\/\/19paulfort.com\/images\/stories\/artistes\/newton.PNG\" alt=\"\" width=\"303\" height=\"365\" border=\"0\" \/><\/p>\n<h1>Lauren NEWTON<\/h1>\n<p><em><strong>Vocaliste<\/strong><\/em><\/p>\n<p>N\u00e9e \u00e0 Coos Bay, Or\u00e9gon, USA;<\/p>\n<p class=\"p2\" style=\"text-align: justify;\">Diplom\u00e9e de l\u2019universit\u00e9 d\u2019Or\u00e9gon et de l\u2019universit\u00e9 de Musique de Stuttgart, Allemagne.\u00a0Vit en Allemagne depuis 1974 et se produit en tant que soliste et vocaliste dans diff\u00e9rents groupes.<\/p>\n<p class=\"p3\" style=\"text-align: justify;\">De 1979 \u00e0 1989, elle est membre du Vienna Art Orchestra, de 1982-\u00e01984 du Vocal Summit.<br \/>\nEn 1983, elle re\u00e7oit en Allemagne le prix de la critique pour son premier enregistrement solo\u201cTimbre\u201c.<\/p>\n<p style=\"text-align: justify;\">Lauren participe \u00e0 de nombreuses productions en tant que compositeur, vocaliste et actrice au Japon, en Europe, Am\u00e9rique du Nord, Russie, Afrique, Cor\u00e9e.<\/p>\n<hr \/>\n<p><strong>Cette artiste a particip\u00e9 rue Paul Fort \u00e0 :<em><br \/>\n<\/em><\/strong><\/p>\n<p><strong>Un concert avec la contrebassiste Jo\u00eblle LEANDRE, le 16 mars 2026<\/strong><br \/>\n<a href=\"https:\/\/www.19paulfort.com\/galerie\/index.php\/2026\/03\/08\/14310\/\" target=\"_blank\" rel=\"noopener\"><strong>&gt;\u00a0Lien vers le concert<\/strong><\/a><\/p>\n<p><strong>Un concert avec la contrebassiste Jo\u00eblle LEANDRE, en novembre 2011<br \/>\n<a href=\"https:\/\/www.19paulfort.com\/galerie\/index.php\/2016\/05\/25\/concert-du-duo-leandre-newton-nov-1011\/\" target=\"_blank\" rel=\"noopener\">&gt;\u00a0Lien vers le concert<\/a><\/strong><\/p>\n","protected":false},"excerpt":{"rendered":"<p>Lauren NEWTON Vocaliste N\u00e9e \u00e0 Coos Bay, Or\u00e9gon, USA; Diplom\u00e9e de l\u2019universit\u00e9 d\u2019Or\u00e9gon et de l\u2019universit\u00e9 de Musique de Stuttgart, Allemagne.\u00a0Vit en Allemagne depuis 1974 et se produit en tant que soliste et vocaliste dans diff\u00e9rents groupes. De 1979 \u00e0 1989, elle est membre du Vienna Art Orchestra, de 1982-\u00e01984 du Vocal Summit. En 1983,&hellip;<a href=\"https:\/\/www.19paulfort.com\/galerie\/index.php\/2016\/06\/07\/newton-lauren\/\" class=\"more-link\">Continue reading <span class=\"screen-reader-text\">NEWTON Lauren<\/span><\/a><\/p>\n","protected":false},"author":1,"featured_media":0,"comment_status":"closed","ping_status":"closed","sticky":false,"template":"","format":"standard","meta":{"footnotes":""},"categories":[33,18,20,19],"tags":[],"class_list":["post-732","post","type-post","status-publish","format-standard","hentry","category-art-lyrique","category-artistes-invites","category-par-nom","category-par-pratique-artistique"],"_links":{"self":[{"href":"https:\/\/www.19paulfort.com\/galerie\/index.php\/wp-json\/wp\/v2\/posts\/732","targetHints":{"allow":["GET"]}}],"collection":[{"href":"https:\/\/www.19paulfort.com\/galerie\/index.php\/wp-json\/wp\/v2\/posts"}],"about":[{"href":"https:\/\/www.19paulfort.com\/galerie\/index.php\/wp-json\/wp\/v2\/types\/post"}],"author":[{"embeddable":true,"href":"https:\/\/www.19paulfort.com\/galerie\/index.php\/wp-json\/wp\/v2\/users\/1"}],"replies":[{"embeddable":true,"href":"https:\/\/www.19paulfort.com\/galerie\/index.php\/wp-json\/wp\/v2\/comments?post=732"}],"version-history":[{"count":5,"href":"https:\/\/www.19paulfort.com\/galerie\/index.php\/wp-json\/wp\/v2\/posts\/732\/revisions"}],"predecessor-version":[{"id":14316,"href":"https:\/\/www.19paulfort.com\/galerie\/index.php\/wp-json\/wp\/v2\/posts\/732\/revisions\/14316"}],"wp:attachment":[{"href":"https:\/\/www.19paulfort.com\/galerie\/index.php\/wp-json\/wp\/v2\/media?parent=732"}],"wp:term":[{"taxonomy":"category","embeddable":true,"href":"https:\/\/www.19paulfort.com\/galerie\/index.php\/wp-json\/wp\/v2\/categories?post=732"},{"taxonomy":"post_tag","embeddable":true,"href":"https:\/\/www.19paulfort.com\/galerie\/index.php\/wp-json\/wp\/v2\/tags?post=732"}],"curies":[{"name":"wp","href":"https:\/\/api.w.org\/{rel}","templated":true}]}}