{"id":7779,"date":"2019-06-24T12:12:16","date_gmt":"2019-06-24T11:12:16","guid":{"rendered":"http:\/\/www.19paulfort.com\/galerie\/?p=7779"},"modified":"2019-06-24T14:28:41","modified_gmt":"2019-06-24T13:28:41","slug":"sendrez-michel","status":"publish","type":"post","link":"https:\/\/www.19paulfort.com\/galerie\/index.php\/2019\/06\/24\/sendrez-michel\/","title":{"rendered":"SENDREZ Michel \u2022"},"content":{"rendered":"<p><span style=\"font-size: large;\"><b><img loading=\"lazy\" decoding=\"async\" class=\"aligncenter size-full wp-image-7783\" src=\"http:\/\/www.19paulfort.com\/galerie\/wp-content\/uploads\/2019\/06\/MichelSendrez-e1561375032390.jpg\" alt=\"\" width=\"2217\" height=\"4032\" srcset=\"https:\/\/www.19paulfort.com\/galerie\/wp-content\/uploads\/2019\/06\/MichelSendrez-e1561375032390.jpg 2217w, https:\/\/www.19paulfort.com\/galerie\/wp-content\/uploads\/2019\/06\/MichelSendrez-e1561375032390-165x300.jpg 165w, https:\/\/www.19paulfort.com\/galerie\/wp-content\/uploads\/2019\/06\/MichelSendrez-e1561375032390-768x1397.jpg 768w, https:\/\/www.19paulfort.com\/galerie\/wp-content\/uploads\/2019\/06\/MichelSendrez-e1561375032390-563x1024.jpg 563w, https:\/\/www.19paulfort.com\/galerie\/wp-content\/uploads\/2019\/06\/MichelSendrez-e1561375032390-750x1364.jpg 750w\" sizes=\"auto, (max-width: 2217px) 100vw, 2217px\" \/><\/b><\/span><\/p>\n<h1>Michel Sendrez<\/h1>\n<p><strong>Compositeur, pianiste, musicologue<\/strong><\/p>\n<p style=\"text-align: justify;\">Michel Sendrez a men\u00e9 une double activit\u00e9 de pianiste et de compositeur, comme soliste et chambriste avant de devenir le pianiste de l&rsquo;Orchestre National de France pendant des d\u00e9cennies. Il forme alors avec ses coll\u00e8gues du \u00ab\u00a0National\u00a0\u00bb un ensemble \u00e0 g\u00e9om\u00e9trie variable en m\u00eame temps qu&rsquo;il cr\u00e9e des \u0153uvres de compositeurs: comme Gilbert Amy, Renaud Gagneux, Toru Takemitsu, Antonio Estevez, Ren\u00e9 Vaillant, Ren\u00e9 K\u0153ring, Alain Banquart, Luc Ferrari, Bruno Ducol, Raymond Vaillant,\u00a0 Eug\u00e8ne Kurtz &#8230;. C&rsquo;est \u00e0 travers cette confrontation au grand r\u00e9pertoire et \u00e0 la d\u00e9fense de la musique contemporaine qu&rsquo;il a \u00e9labor\u00e9 sa propre d\u00e9marche musicale, alliant toutes les techniques r\u00e9dactionnelles sans le recours, cependant, aux nouvelles technologies. Auteur de musiques de films, il a essentiellement \u00e9crit pour solistes, duo, trio, quatuor, quintette, grand orchestre, orchestre de chambre, voix, ensemble vocaux ainsi que trois op\u00e9ras sur des livrets de Christine Mananzar et de Jacques Lacarri\u00e8re. Il a eu et a toujours l&rsquo;immense bonheur d&rsquo;\u00eatre interpr\u00e9t\u00e9 par des musiciens, chanteurs, danseurs et com\u00e9diens des plus remarquables d&rsquo;aujourd&rsquo;hui. Ce privil\u00e8ge le r\u00e9conforte et l&rsquo;encourage \u00e0 continuer avec patience dans ses m\u00eames choix.<\/p>\n<hr \/>\n<p><strong>Cet artiste a particip\u00e9 rue Paul Fort \u00e0 :<\/strong><em><br \/>\n<\/em>Un concert dans le cadre du \u00ab\u00a0Quatuor S\u00e9same\u00a0\u00bb le 4 novembre 2015<br \/>\n&gt; <a href=\"http:\/\/www.19paulfort.com\/galerie\/index.php\/2016\/05\/25\/concert-de-tango-du-classique-au-contemporain-olivier-manoury-et-le-quatuor-sesame-dans-le-cadre-de-lexposition-positif-exil-4-nov-2015\/\" target=\"_blank\" rel=\"noopener noreferrer\">Lien vers le concert<\/a><\/p>\n","protected":false},"excerpt":{"rendered":"<p>Michel Sendrez Compositeur, pianiste, musicologue Michel Sendrez a men\u00e9 une double activit\u00e9 de pianiste et de compositeur, comme soliste et chambriste avant de devenir le pianiste de l&rsquo;Orchestre National de France pendant des d\u00e9cennies. Il forme alors avec ses coll\u00e8gues du \u00ab\u00a0National\u00a0\u00bb un ensemble \u00e0 g\u00e9om\u00e9trie variable en m\u00eame temps qu&rsquo;il cr\u00e9e des \u0153uvres de&hellip;<a href=\"https:\/\/www.19paulfort.com\/galerie\/index.php\/2019\/06\/24\/sendrez-michel\/\" class=\"more-link\">Continue reading <span class=\"screen-reader-text\">SENDREZ Michel \u2022<\/span><\/a><\/p>\n","protected":false},"author":1,"featured_media":0,"comment_status":"closed","ping_status":"closed","sticky":false,"template":"","format":"standard","meta":{"footnotes":""},"categories":[18,26,20,19],"tags":[],"class_list":["post-7779","post","type-post","status-publish","format-standard","hentry","category-artistes-invites","category-musiciens-compositeurs","category-par-nom","category-par-pratique-artistique"],"_links":{"self":[{"href":"https:\/\/www.19paulfort.com\/galerie\/index.php\/wp-json\/wp\/v2\/posts\/7779","targetHints":{"allow":["GET"]}}],"collection":[{"href":"https:\/\/www.19paulfort.com\/galerie\/index.php\/wp-json\/wp\/v2\/posts"}],"about":[{"href":"https:\/\/www.19paulfort.com\/galerie\/index.php\/wp-json\/wp\/v2\/types\/post"}],"author":[{"embeddable":true,"href":"https:\/\/www.19paulfort.com\/galerie\/index.php\/wp-json\/wp\/v2\/users\/1"}],"replies":[{"embeddable":true,"href":"https:\/\/www.19paulfort.com\/galerie\/index.php\/wp-json\/wp\/v2\/comments?post=7779"}],"version-history":[{"count":7,"href":"https:\/\/www.19paulfort.com\/galerie\/index.php\/wp-json\/wp\/v2\/posts\/7779\/revisions"}],"predecessor-version":[{"id":7787,"href":"https:\/\/www.19paulfort.com\/galerie\/index.php\/wp-json\/wp\/v2\/posts\/7779\/revisions\/7787"}],"wp:attachment":[{"href":"https:\/\/www.19paulfort.com\/galerie\/index.php\/wp-json\/wp\/v2\/media?parent=7779"}],"wp:term":[{"taxonomy":"category","embeddable":true,"href":"https:\/\/www.19paulfort.com\/galerie\/index.php\/wp-json\/wp\/v2\/categories?post=7779"},{"taxonomy":"post_tag","embeddable":true,"href":"https:\/\/www.19paulfort.com\/galerie\/index.php\/wp-json\/wp\/v2\/tags?post=7779"}],"curies":[{"name":"wp","href":"https:\/\/api.w.org\/{rel}","templated":true}]}}