{"id":7806,"date":"2019-06-25T16:29:18","date_gmt":"2019-06-25T15:29:18","guid":{"rendered":"http:\/\/www.19paulfort.com\/galerie\/?p=7806"},"modified":"2019-06-26T07:20:03","modified_gmt":"2019-06-26T06:20:03","slug":"metzger-matthieu","status":"publish","type":"post","link":"https:\/\/www.19paulfort.com\/galerie\/index.php\/2019\/06\/25\/metzger-matthieu\/","title":{"rendered":"METZGER Matthieu \u2022"},"content":{"rendered":"<h1 style=\"text-align: justify;\"><b><img loading=\"lazy\" decoding=\"async\" class=\"aligncenter size-full wp-image-7807\" src=\"http:\/\/www.19paulfort.com\/galerie\/wp-content\/uploads\/2019\/06\/MatthieuMetzger.jpg\" alt=\"\" width=\"709\" height=\"1044\" srcset=\"https:\/\/www.19paulfort.com\/galerie\/wp-content\/uploads\/2019\/06\/MatthieuMetzger.jpg 709w, https:\/\/www.19paulfort.com\/galerie\/wp-content\/uploads\/2019\/06\/MatthieuMetzger-204x300.jpg 204w, https:\/\/www.19paulfort.com\/galerie\/wp-content\/uploads\/2019\/06\/MatthieuMetzger-695x1024.jpg 695w\" sizes=\"auto, (max-width: 709px) 100vw, 709px\" \/><br \/>\nMatthieu METZGER<\/b><\/h1>\n<p style=\"text-align: justify;\"><strong>Saxophones<\/strong><\/p>\n<p style=\"text-align: justify;\">Saxophoniste, compositeur, r\u00e9alisateur, musicologue et luthier \u00e9lectronique, Matthieu Metzger joue actuellement dans Freaks de Th\u00e9o Ceccaldi, Anabasis de Dominique Pifar\u00e9ly, et ses propres projets\u00a0: les duos Rhizottome et Source, le power-trio Killing Spree, et le solo Selfcooking.<\/p>\n<p style=\"text-align: justify;\">On a pu l\u2019entendre dans l&rsquo;Orchestre National de Jazz &#8211; Yvinec (2009-2013), aupr\u00e8s de Louis Sclavis en quintet (album Lost on the way chez ECM), dans le Grand ensemble de Marc Ducret, avec Fran\u00e7ois SAHRAN et l\u2019ensemble Ictus, le projet Inspiration Baroque avec l\u2019ensemble Amarillis niwashi no yume , quatuor nippo-fran\u00e7ais issu d\u2019une longue r\u00e9sidence \u00e0 la Villa Kujoyama avec Rhizottome&#8230;<\/p>\n<p style=\"text-align: justify;\">Seize ann\u00e9es d&rsquo;\u00e9tude des saxophones avec Philippe Di Betta lui donn\u00e8rent le go\u00fbt de la musique au-del\u00e0 de l&rsquo;esth\u00e9tique, et son l&rsquo;int\u00e9r\u00eat pour l&rsquo;analyse s&rsquo;est concr\u00e9tis\u00e9 \u00e0 l&rsquo;Universit\u00e9 de Poitiers par l&rsquo;obtention de la ma\u00eetrise \u00ab\u00a0Meshuggah, une formation de m\u00e9tal atypique:esth\u00e9tique et techniques de composition\u00a0\u00bb.<\/p>\n<p style=\"text-align: justify;\">Parall\u00e8lement au cadre institutionnel il s&rsquo;implique dans des projets de musiques contemporaines, mandingues, de danse, le quintet inclassable Anthurus d&rsquo;Archer ou encore Klone et le collectif m\u00e9tal Klonosphere le groupe NRO revisitant la musique de Frank Zappa&#8230;<\/p>\n<p style=\"text-align: justify;\">Attir\u00e9 tout autant par l&rsquo;aspect po\u00e9tique et social de la musique que les moyens techniques de lui donner vie, c&rsquo;est en autodidacte qu&rsquo;il s&rsquo;est form\u00e9 depuis son plus jeune \u00e2ge \u00e0 la programmation informatique, la lutherie \u00e9lectronique et la conception de machines pour le spectacle, l&rsquo;acoustique, et l&rsquo;enregistrement &#8211; r\u00e9alisant des dizaines d\u2019albums, notamment les cinq opus d&rsquo;Anthurus d&rsquo;Archer, ceux de Rhizottome, ses productions en tant que leader ou bien les six disques Tower de Marc Ducret.<\/p>\n<hr \/>\n<p align=\"justify\"><strong>Cet artiste a particip\u00e9 au 19PaulFort \u00e0 :<\/strong><\/p>\n<p><a href=\"http:\/\/www.19paulfort.com\/galerie\/index.php\/2019\/06\/05\/concert-suite-anabasis-dominique-pifarely-septet-11-juin-2019\/\">&gt; Un concert du Dominique Pifarely Septet, \u00ab\u00a0Suite : Anabasis\u00a0\u00bb\u00a0\u00bb, le 11 juin 2019<\/a><\/p>\n","protected":false},"excerpt":{"rendered":"<p>Matthieu METZGER Saxophones Saxophoniste, compositeur, r\u00e9alisateur, musicologue et luthier \u00e9lectronique, Matthieu Metzger joue actuellement dans Freaks de Th\u00e9o Ceccaldi, Anabasis de Dominique Pifar\u00e9ly, et ses propres projets\u00a0: les duos Rhizottome et Source, le power-trio Killing Spree, et le solo Selfcooking. On a pu l\u2019entendre dans l&rsquo;Orchestre National de Jazz &#8211; Yvinec (2009-2013), aupr\u00e8s de Louis&hellip;<a href=\"https:\/\/www.19paulfort.com\/galerie\/index.php\/2019\/06\/25\/metzger-matthieu\/\" class=\"more-link\">Continue reading <span class=\"screen-reader-text\">METZGER Matthieu \u2022<\/span><\/a><\/p>\n","protected":false},"author":1,"featured_media":0,"comment_status":"closed","ping_status":"closed","sticky":false,"template":"","format":"standard","meta":{"footnotes":""},"categories":[18,26,20,19],"tags":[],"class_list":["post-7806","post","type-post","status-publish","format-standard","hentry","category-artistes-invites","category-musiciens-compositeurs","category-par-nom","category-par-pratique-artistique"],"_links":{"self":[{"href":"https:\/\/www.19paulfort.com\/galerie\/index.php\/wp-json\/wp\/v2\/posts\/7806","targetHints":{"allow":["GET"]}}],"collection":[{"href":"https:\/\/www.19paulfort.com\/galerie\/index.php\/wp-json\/wp\/v2\/posts"}],"about":[{"href":"https:\/\/www.19paulfort.com\/galerie\/index.php\/wp-json\/wp\/v2\/types\/post"}],"author":[{"embeddable":true,"href":"https:\/\/www.19paulfort.com\/galerie\/index.php\/wp-json\/wp\/v2\/users\/1"}],"replies":[{"embeddable":true,"href":"https:\/\/www.19paulfort.com\/galerie\/index.php\/wp-json\/wp\/v2\/comments?post=7806"}],"version-history":[{"count":2,"href":"https:\/\/www.19paulfort.com\/galerie\/index.php\/wp-json\/wp\/v2\/posts\/7806\/revisions"}],"predecessor-version":[{"id":7818,"href":"https:\/\/www.19paulfort.com\/galerie\/index.php\/wp-json\/wp\/v2\/posts\/7806\/revisions\/7818"}],"wp:attachment":[{"href":"https:\/\/www.19paulfort.com\/galerie\/index.php\/wp-json\/wp\/v2\/media?parent=7806"}],"wp:term":[{"taxonomy":"category","embeddable":true,"href":"https:\/\/www.19paulfort.com\/galerie\/index.php\/wp-json\/wp\/v2\/categories?post=7806"},{"taxonomy":"post_tag","embeddable":true,"href":"https:\/\/www.19paulfort.com\/galerie\/index.php\/wp-json\/wp\/v2\/tags?post=7806"}],"curies":[{"name":"wp","href":"https:\/\/api.w.org\/{rel}","templated":true}]}}