{"id":7810,"date":"2019-06-25T16:33:14","date_gmt":"2019-06-25T15:33:14","guid":{"rendered":"http:\/\/www.19paulfort.com\/galerie\/?p=7810"},"modified":"2019-06-26T07:20:25","modified_gmt":"2019-06-26T06:20:25","slug":"ceccaldi-theo","status":"publish","type":"post","link":"https:\/\/www.19paulfort.com\/galerie\/index.php\/2019\/06\/25\/ceccaldi-theo\/","title":{"rendered":"C\u00c9CCALDI Th\u00e9o \u2022"},"content":{"rendered":"<h1 style=\"text-align: justify;\"><b><img loading=\"lazy\" decoding=\"async\" class=\"aligncenter size-full wp-image-7811\" src=\"http:\/\/www.19paulfort.com\/galerie\/wp-content\/uploads\/2019\/06\/TheoCeccaldi-jpg.jpeg\" alt=\"\" width=\"709\" height=\"1001\" srcset=\"https:\/\/www.19paulfort.com\/galerie\/wp-content\/uploads\/2019\/06\/TheoCeccaldi-jpg.jpeg 709w, https:\/\/www.19paulfort.com\/galerie\/wp-content\/uploads\/2019\/06\/TheoCeccaldi-jpg-212x300.jpeg 212w\" sizes=\"auto, (max-width: 709px) 100vw, 709px\" \/><br \/>\nTh\u00e9o C\u00c9CCALDI<\/b><\/h1>\n<p style=\"text-align: justify;\"><strong>Violon<\/strong><\/p>\n<p style=\"text-align: justify;\" align=\"justify\">N\u00e9 en 1986 \u00e0 Pithiviers.<br \/>\n\u00c9lu \u00ab R\u00e9v\u00e9lation fran\u00e7aise de l\u2019ann\u00e9e 2014 \u00bb par Jazz Magazine, puis \u00ab Musicien Fran\u00e7ais de l\u2019ann\u00e9e 2016 \u00bb par Jazz Magazine, Th\u00e9o Ceccaldi s\u2019impose aujourd\u2019hui avec sa Victoire du Jazz 2017 \u00ab R\u00e9v\u00e9lation de l\u2019Ann\u00e9e \u00bb comme l\u2019une des voix les plus singuli\u00e8res de la nouvelle sc\u00e8ne jazz europ\u00e9enne.<\/p>\n<p style=\"text-align: justify;\" align=\"justify\">En d\u00e9veloppant un discours d\u2019une grande subtilit\u00e9 de nuances, cherchant constamment \u00e0 concilier fougue, lyrisme et sophistication formelle, Th\u00e9o a v\u00e9ritablement trouv\u00e9 sa voix en 2010 en cr\u00e9ant un trio original faisant le lien entre la tradition chambriste occidentale et l\u2019improvisation.<\/p>\n<p style=\"text-align: justify;\" align=\"justify\">Le Th\u00e9o Ceccaldi Trio a depuis confirm\u00e9 tout le bien qu\u2019on pensait de lui en signant coup sur coup deux disques pour le label Ayler Records, et en remportant le dispositif de Tourn\u00e9e Jazz Migration 2014 de l\u2019AJC. Membre fondateur du bouillonnant collectif orl\u00e9anais Tricollectif, le violoniste participe par ailleurs activement \u00e0 une s\u00e9rie de formations parmi lesquelles le quartet La Scala, la Loving Suite pour Birdy So du pianiste Roberto Negro (avec Elise Caron) et le Power Trio In Love With du batteur Sylvain Darrifourcq. Pl\u00e9biscit\u00e9 par ses pairs, Th\u00e9o Ceccaldi a int\u00e9gr\u00e9 en 2014 l\u2019ONJ d\u2019Olivier Benoit, le quatuor \u00e0 cordes de musiques improvis\u00e9es iXi de R\u00e9gis Huby et Guillaume Roy, le quartet franco-allemand q\u00d6\u00d6lp avec les Berlinois Christian Lillinger et Ronny Graupe, le trio europ\u00e9en Velvet Revolution de Daniel Erdmann, ainsi que le nouveau tentet de Jo\u00eblle L\u00e9andre Can You Hear Me ?.<\/p>\n<p style=\"text-align: justify;\" align=\"justify\">Par ailleurs, Th\u00e9o compose et arrange pour le Grand Orchestre du Tricot, un r\u00e9pertoire de chansons de Lucienne Boyer, divine interpr\u00e8te des ann\u00e9es folles, et s\u2019illustre dans le cin\u00e9-concert Petite Moutarde aux c\u00f4t\u00e9s d\u2019Alexandra Grimal, ou dans le duo Danse de salon avec Roberto Negro. Il se pr\u00eate \u00e9galement avec plaisir au jeu des rencontres improvis\u00e9es et invitations, notamment aux c\u00f4t\u00e9s de Louis Sclavis, Fred Pallem, Michel Portal, Vincent Courtois, Daniel Humair, Bruno Chevillon, Paolo Fresu, Eve Risser, Akosh.S, Andy Emler, Emile Parisien, Michele Rabbia ou Elise Dabrowski.<\/p>\n<p style=\"text-align: justify;\" align=\"justify\">En 2018, Th\u00e9o, sorte de Paganini Dada post-industriel, boulimique de rencontres et de musique, l\u00e8ve le pied pour se concentrer sur le d\u00e9tonnant projet Freaks. Des cr\u00e9atures survolt\u00e9es, haletantes, planantes, pulsantes, zappantes qui forment son tout nouveau combo mi-Punk mi-C\u00e2lin.<\/p>\n<hr \/>\n<p style=\"text-align: justify;\" align=\"justify\"><strong>Cet artiste a particip\u00e9 au 19PaulFort \u00e0 :<\/strong><\/p>\n<p><a href=\"http:\/\/www.19paulfort.com\/galerie\/index.php\/2019\/06\/05\/concert-suite-anabasis-dominique-pifarely-septet-11-juin-2019\/\">&gt; Un concert du Dominique Pifarely Septet, \u00ab\u00a0Suite : Anabasis\u00a0\u00bb\u00a0\u00bb, le 11 juin 2019<\/a><\/p>\n<p>&nbsp;<\/p>\n","protected":false},"excerpt":{"rendered":"<p>Th\u00e9o C\u00c9CCALDI Violon N\u00e9 en 1986 \u00e0 Pithiviers. \u00c9lu \u00ab R\u00e9v\u00e9lation fran\u00e7aise de l\u2019ann\u00e9e 2014 \u00bb par Jazz Magazine, puis \u00ab Musicien Fran\u00e7ais de l\u2019ann\u00e9e 2016 \u00bb par Jazz Magazine, Th\u00e9o Ceccaldi s\u2019impose aujourd\u2019hui avec sa Victoire du Jazz 2017 \u00ab R\u00e9v\u00e9lation de l\u2019Ann\u00e9e \u00bb comme l\u2019une des voix les plus singuli\u00e8res de la nouvelle&hellip;<a href=\"https:\/\/www.19paulfort.com\/galerie\/index.php\/2019\/06\/25\/ceccaldi-theo\/\" class=\"more-link\">Continue reading <span class=\"screen-reader-text\">C\u00c9CCALDI Th\u00e9o \u2022<\/span><\/a><\/p>\n","protected":false},"author":1,"featured_media":0,"comment_status":"closed","ping_status":"closed","sticky":false,"template":"","format":"standard","meta":{"footnotes":""},"categories":[18,26,20,19],"tags":[],"class_list":["post-7810","post","type-post","status-publish","format-standard","hentry","category-artistes-invites","category-musiciens-compositeurs","category-par-nom","category-par-pratique-artistique"],"_links":{"self":[{"href":"https:\/\/www.19paulfort.com\/galerie\/index.php\/wp-json\/wp\/v2\/posts\/7810","targetHints":{"allow":["GET"]}}],"collection":[{"href":"https:\/\/www.19paulfort.com\/galerie\/index.php\/wp-json\/wp\/v2\/posts"}],"about":[{"href":"https:\/\/www.19paulfort.com\/galerie\/index.php\/wp-json\/wp\/v2\/types\/post"}],"author":[{"embeddable":true,"href":"https:\/\/www.19paulfort.com\/galerie\/index.php\/wp-json\/wp\/v2\/users\/1"}],"replies":[{"embeddable":true,"href":"https:\/\/www.19paulfort.com\/galerie\/index.php\/wp-json\/wp\/v2\/comments?post=7810"}],"version-history":[{"count":6,"href":"https:\/\/www.19paulfort.com\/galerie\/index.php\/wp-json\/wp\/v2\/posts\/7810\/revisions"}],"predecessor-version":[{"id":7819,"href":"https:\/\/www.19paulfort.com\/galerie\/index.php\/wp-json\/wp\/v2\/posts\/7810\/revisions\/7819"}],"wp:attachment":[{"href":"https:\/\/www.19paulfort.com\/galerie\/index.php\/wp-json\/wp\/v2\/media?parent=7810"}],"wp:term":[{"taxonomy":"category","embeddable":true,"href":"https:\/\/www.19paulfort.com\/galerie\/index.php\/wp-json\/wp\/v2\/categories?post=7810"},{"taxonomy":"post_tag","embeddable":true,"href":"https:\/\/www.19paulfort.com\/galerie\/index.php\/wp-json\/wp\/v2\/tags?post=7810"}],"curies":[{"name":"wp","href":"https:\/\/api.w.org\/{rel}","templated":true}]}}