{"id":8699,"date":"2020-08-31T13:40:59","date_gmt":"2020-08-31T12:40:59","guid":{"rendered":"http:\/\/www.19paulfort.com\/galerie\/?p=8699"},"modified":"2025-11-19T16:59:56","modified_gmt":"2025-11-19T15:59:56","slug":"abbadie-herve","status":"publish","type":"post","link":"https:\/\/www.19paulfort.com\/galerie\/index.php\/2020\/08\/31\/abbadie-herve\/","title":{"rendered":"ABBADIE Herv\u00e9 &#8211;"},"content":{"rendered":"<h1>Herv\u00e9 Abbadie<\/h1>\n<p style=\"text-align: justify;\"><strong>Photographe<br \/>\n<\/strong><br \/>\nVit et travaille \u00e0 Paris.<br \/>\nN\u00e9 en 1962 \u00e0 Rennes, Herv\u00e9 Abbadie se consacre pendant plus de dix ans \u00e0 l&rsquo;enseignement et \u00e0 la recherche au sein du groupe \u00ab La place de la Photographie dans l&rsquo;Histoire des Images \u00bb de l&rsquo;Universit\u00e9 de Paris VIII.<br \/>\nDepuis 1993, il partage son temps entre commande photographique appliqu\u00e9e \u00e0 la documentation d\u2019\u0153uvres architecturales et travail personnel sur le th\u00e8me particulier de la ville en mutation. Il r\u00e9alise ainsi dans le cadre de commandes plusieurs expositions pour le Pavillon de l&rsquo;Arsenal: Ext\u00e9rieur Ville, Int\u00e9rieur Vie et Sur les Quais et des livres dont Paris, Maisons de ville aux Editions de La Martini\u00e8re.<br \/>\nDepuis sa s\u00e9rie Passage,1999, Herv\u00e9 Abbadie d\u00e9veloppe une production personnelle sur la photographie transformative portant sur des architectures en cours de transformation. Ses images en couleur de grand format proposent une exp\u00e9rience du regard toujours aux prises avec les r\u00e9f\u00e9rences \u00e0 l&rsquo;histoire de la peinture. Ses images s&rsquo;attachent \u00e0 montrer les entre-temps des chantiers, ces moments loin du d\u00e9monstratif ou de l&rsquo;achev\u00e9 qui pr\u00e9sentent un ensemble de formes in\u00e9dites et \u00e9volutives entre un sens pass\u00e9, aboli, et une perception actuelle incompl\u00e8te.<br \/>\nHerv\u00e9 Abbadie a pr\u00e9sent\u00e9 ces travaux sur les chantiers de b\u00e2timents institutionnels \u00e0 Paris: Grand Palais, Immeuble du Minist\u00e8re de la Culture rue des Bons Enfants&#8230;) \u00e0 la FIAC, Paris Photo, \u00e0 la Galerie Rabouan Moussion et \u00e0 la Galerie Arcturus \u00e0 Paris.<br \/>\nIl expose r\u00e9guli\u00e8rement et ses \u0153uvres figurent dans des collections publiques et priv\u00e9es : Maison Europ\u00e9enne de la Photographie, Biblioth\u00e8que Nationale de France&#8230;<\/p>\n<p style=\"text-align: justify;\"><a href=\"http:\/\/www.19paulfort.com\/galerie\/index.php\/2020\/08\/31\/exposition-le-temps-dun-confinement-12-septembre-au-11-octobre-2020\/\">Herv\u00e9 ABBADIE : Le temps d&rsquo;un confinement &#8211; Paysages asymptomatiques<\/a><br \/>\nHerv\u00e9, et un complice ont entrepris de parcourir le territoire soudain d\u00e9sert\u00e9 mais ouvert sur 1 km au carrefour de plusieurs arrondissements 5, 6, 13 et 14 et de le photographier. D\u2019abord un sentiment de jamais vu de ces passages, fa\u00e7ades, parcs envahis par les fleurs et les oiseaux affranchis de toute pr\u00e9sence humaine. Puis respectant la r\u00e8gle, ils sont rentr\u00e9s chez eux confin\u00e9s face \u00e0 leur livre et les photographies accroch\u00e9es \u00e0 leur mur poursuivant la construction de leur mus\u00e9e imaginaire. Ils ont fait une nouvelles d\u00e9couvertes : avant eux, tout au long d\u2019un si\u00e8cle, des photographes, des artistes, des \u00e9crivains habitant le m\u00eame quartier et pas des moindres : Atget, Brasssa\u00ef, Marville etc avaient parcouru ces lieux et d\u00e9clench\u00e9 leur appareil. Alors le regard de ces deux amis s\u2019est transport\u00e9 du pr\u00e9sent au pass\u00e9. Redoublant et renouvelant les questionnements sur la photographie qui avait du \u00eatre ceux de ces \u00ab voisins \u00bb en leur temps.<\/p>\n<hr \/>\n<p style=\"text-align: justify;\"><strong>Cet artiste a particip\u00e9 au 19PaulFort \u00e0 :<\/p>\n<p><a href=\"https:\/\/www.19paulfort.com\/galerie\/index.php\/2025\/11\/19\/12-02-20-decembre-exposition-autour-du-japon-ix\/\" target=\"_blank\" rel=\"noopener\">&gt; L&rsquo;exposition \u00ab\u00a0Autour du Japon (IX)\u00a0\u00bb du 2 au 20 d\u00e9cembre 2025<\/a><\/strong><br \/>\n<a href=\"http:\/\/www.19paulfort.com\/galerie\/index.php\/2020\/08\/31\/exposition-le-temps-dun-confinement-12-septembre-au-11-octobre-2020\/\" target=\"_blank\" rel=\"noopener\"><strong>&gt; L&rsquo;exposition \u00ab\u00a0Le temps d&rsquo;un confinement\u00a0\u00bb du 12 septembre au 11 octobre 2020<\/strong><\/a><\/p>\n","protected":false},"excerpt":{"rendered":"<p>Herv\u00e9 Abbadie Photographe Vit et travaille \u00e0 Paris. N\u00e9 en 1962 \u00e0 Rennes, Herv\u00e9 Abbadie se consacre pendant plus de dix ans \u00e0 l&rsquo;enseignement et \u00e0 la recherche au sein du groupe \u00ab La place de la Photographie dans l&rsquo;Histoire des Images \u00bb de l&rsquo;Universit\u00e9 de Paris VIII. Depuis 1993, il partage son temps entre&hellip;<a href=\"https:\/\/www.19paulfort.com\/galerie\/index.php\/2020\/08\/31\/abbadie-herve\/\" class=\"more-link\">Continue reading <span class=\"screen-reader-text\">ABBADIE Herv\u00e9 &#8211;<\/span><\/a><\/p>\n","protected":false},"author":1,"featured_media":0,"comment_status":"closed","ping_status":"closed","sticky":false,"template":"","format":"standard","meta":{"footnotes":""},"categories":[18,20,19,24],"tags":[],"class_list":["post-8699","post","type-post","status-publish","format-standard","hentry","category-artistes-invites","category-par-nom","category-par-pratique-artistique","category-photographes"],"_links":{"self":[{"href":"https:\/\/www.19paulfort.com\/galerie\/index.php\/wp-json\/wp\/v2\/posts\/8699","targetHints":{"allow":["GET"]}}],"collection":[{"href":"https:\/\/www.19paulfort.com\/galerie\/index.php\/wp-json\/wp\/v2\/posts"}],"about":[{"href":"https:\/\/www.19paulfort.com\/galerie\/index.php\/wp-json\/wp\/v2\/types\/post"}],"author":[{"embeddable":true,"href":"https:\/\/www.19paulfort.com\/galerie\/index.php\/wp-json\/wp\/v2\/users\/1"}],"replies":[{"embeddable":true,"href":"https:\/\/www.19paulfort.com\/galerie\/index.php\/wp-json\/wp\/v2\/comments?post=8699"}],"version-history":[{"count":4,"href":"https:\/\/www.19paulfort.com\/galerie\/index.php\/wp-json\/wp\/v2\/posts\/8699\/revisions"}],"predecessor-version":[{"id":14052,"href":"https:\/\/www.19paulfort.com\/galerie\/index.php\/wp-json\/wp\/v2\/posts\/8699\/revisions\/14052"}],"wp:attachment":[{"href":"https:\/\/www.19paulfort.com\/galerie\/index.php\/wp-json\/wp\/v2\/media?parent=8699"}],"wp:term":[{"taxonomy":"category","embeddable":true,"href":"https:\/\/www.19paulfort.com\/galerie\/index.php\/wp-json\/wp\/v2\/categories?post=8699"},{"taxonomy":"post_tag","embeddable":true,"href":"https:\/\/www.19paulfort.com\/galerie\/index.php\/wp-json\/wp\/v2\/tags?post=8699"}],"curies":[{"name":"wp","href":"https:\/\/api.w.org\/{rel}","templated":true}]}}