{"id":934,"date":"2016-06-04T08:16:38","date_gmt":"2016-06-04T07:16:38","guid":{"rendered":"http:\/\/www.19paulfort.com\/galerie\/?p=934"},"modified":"2025-02-04T22:29:46","modified_gmt":"2025-02-04T21:29:46","slug":"goubert-simon","status":"publish","type":"post","link":"https:\/\/www.19paulfort.com\/galerie\/index.php\/2016\/06\/04\/goubert-simon\/","title":{"rendered":"GOUBERT Simon \u2022"},"content":{"rendered":"<h1><img loading=\"lazy\" decoding=\"async\" class=\"aligncenter wp-image-12753 size-full\" src=\"http:\/\/www.19paulfort.com\/galerie\/wp-content\/uploads\/2016\/06\/goubert-e1738704576109.jpg\" alt=\"\" width=\"787\" height=\"1450\" srcset=\"https:\/\/www.19paulfort.com\/galerie\/wp-content\/uploads\/2016\/06\/goubert-e1738704576109.jpg 787w, https:\/\/www.19paulfort.com\/galerie\/wp-content\/uploads\/2016\/06\/goubert-e1738704576109-163x300.jpg 163w, https:\/\/www.19paulfort.com\/galerie\/wp-content\/uploads\/2016\/06\/goubert-e1738704576109-556x1024.jpg 556w, https:\/\/www.19paulfort.com\/galerie\/wp-content\/uploads\/2016\/06\/goubert-e1738704576109-768x1415.jpg 768w, https:\/\/www.19paulfort.com\/galerie\/wp-content\/uploads\/2016\/06\/goubert-e1738704576109-750x1382.jpg 750w\" sizes=\"auto, (max-width: 787px) 100vw, 787px\" \/>Simon Goubert<\/h1>\n<p style=\"text-align: justify;\"><strong>Batteur<\/strong><\/p>\n<p style=\"text-align: justify;\">N\u00e9 \u00e0 Rennes en 1960, Simon Goubert commence l&rsquo;\u00e9tude du piano d\u00e8s l&rsquo;\u00e2ge de trois ans. Il d\u00e9couvre la batterie \u00e0 l&rsquo;occasion de la venue dans sa ville natale de Kenny Clarke le 4 f\u00e9vrier 1970. Il aborde les percussions d&rsquo;abord au conservatoire de Rennes, puis \u00e0 partir de 1976, avec Sylvio Gualda au conservatoire de Versailles, o\u00f9 il \u00e9tudie l&rsquo;harmonie. Il fait ses premi\u00e8res armes comme percussionniste avec l&rsquo;Ensemble Polyphonique de l&rsquo;ORTF dirig\u00e9 par Charles Ravier. Mais surtout, il passe ses nuits dans les clubs de Jazz, notamment au Riverbop o\u00f9 il fait le b\u0153uf quotidiennement gr\u00e2ce \u00e0 la bienveillance des grands batteurs habitu\u00e9s des lieux : Aldo Romano, George Brown, Jacques Thollot, Bernard Lubat, Oliver Johnson, et Christian Vander. En 1981, apr\u00e8s avoir jou\u00e9 pendant deux ans dans le quartet du guitariste Philippe Petit, Simon Goubert fonde le groupe \u00ab Spiral \u00bb, qui joue dans la plus pure tradition coltranienne. Parall\u00e8lement, \u00e0 partir de 1982 et jusqu&rsquo;en 1987, il se produit mais aux claviers, dans le groupe \u00ab Offering \u00bb de Christian Vander, qu&rsquo;il retrouve de 1992 \u00e0 1997 au sein des \u00ab Voix de Magma \u00bb puis de \u00ab Magma \u00bb. Entre 1992 et 1998, on le retrouve r\u00e9guli\u00e8rement dans des formations dirig\u00e9es par Joachim K\u00fchn, en trio ou en quartet, en compagnie de Jean-Fran\u00e7ois Jenny-Clark, Michel Benita, Dominique Pifar\u00e9ly, Louis Sclavis ou Christof Lauer.<br \/>\n<img loading=\"lazy\" decoding=\"async\" class=\"alignleft wp-image-5631\" src=\"http:\/\/www.19paulfort.com\/galerie\/wp-content\/uploads\/2016\/06\/Resized_20180308_235403_1643-768x1024.jpg\" alt=\"\" width=\"450\" height=\"600\" srcset=\"https:\/\/www.19paulfort.com\/galerie\/wp-content\/uploads\/2016\/06\/Resized_20180308_235403_1643-768x1024.jpg 768w, https:\/\/www.19paulfort.com\/galerie\/wp-content\/uploads\/2016\/06\/Resized_20180308_235403_1643-225x300.jpg 225w, https:\/\/www.19paulfort.com\/galerie\/wp-content\/uploads\/2016\/06\/Resized_20180308_235403_1643-750x1000.jpg 750w, https:\/\/www.19paulfort.com\/galerie\/wp-content\/uploads\/2016\/06\/Resized_20180308_235403_1643.jpg 1080w\" sizes=\"auto, (max-width: 450px) 100vw, 450px\" \/>Depuis, outre l\u2019enregistrement de pr\u00e8s de 90 albums &#8211; dont 9 sous son nom -, il est appel\u00e9 \u00e0 jouer entre autres avec: Steve Grossman, Sonny Fortune, Ren\u00e9 Urtreger, \u00c9ric Barret, Alain Jean-Marie, Christian Escoud\u00e9, Jacques Vidal, Jacky Terrasson, Bireli Lagr\u00e8ne, Mich\u00e8le Hendricks, Riccardo Del Fra, Philip Catherine, Siegfried Kessler, Dave Liebman, Eric Le Lann, Jean-Fran\u00e7ois Jenny- Clark, Patrick Molard, Kim Parker, Steve Potts, Babik Reinhardt, David Patrois, Mal Waldron, Laurent De Wilde, Didier Levallet, George Mraz, Andy Emler, Eddie Henderson, Gordon Beck, Fran\u00e7ois Jeanneau, John Hicks, Manuel Rocheman, James Carter, Eric Watson, Louis Sclavis, Lee Konitz, Martial Solal, Chuk Isra\u00ebls, Jo\u00eblle L\u00e9andre, Fran\u00e7ois Corneloup, Tony Hymas, Gary Brunton,,\u2026<br \/>\nPour ce qui est de ses principales formations, de 1987 \u00e0 1997, il se produit en trio avec Michel Graillier et Alby Cullaz et en 1994, il fonde avec Christian Vander, le groupe \u00ab Welcome \u00bb. En 2004, c&rsquo;est au tour de \u00ab Soft Bounds \u00bb en collaboration avec Sophia Domancich, Hugh Hopper et Elton Dean. Pendant cette m\u00eame ann\u00e9e se cr\u00e9ent le duo qu\u2019il forme avec S.Domancich ainsi que le<br \/>\ntrio \u00ab DAG \u00bb, avec la pianiste et le contrebassiste Jean-Jacques Avenel. On l&rsquo;a retrouv\u00e9 \u00e9galement dans un spectacle musical con\u00e7u par E.Bex et David Lescot, \u00ab La chose Commune \u00bb ou au sein du trio de Franck Tortiller.<br \/>\nDe 2001 \u00e0 2012, avec Emmanuel Bex et Glenn Ferris, S.Goubert forme \u00e9galement le trio BFG, qui remporte les r\u00e9compenses les plus prestigieuses (Victoires du jazz et Grand Prix du Disque de l&rsquo;Acad\u00e9mie Charles Cros 2001), tout en menant un quartet devenu mythique avec Boris Blanchet, Michel Zenino, et toujours S.Domancich. On le retrouve aussi r\u00e9guli\u00e8rement depuis 1995 dans les<br \/>\ndivers groupes dirig\u00e9s par Michel Edelin. Depuis 2009, c&rsquo;est avec le koriste Ablaye Cissoko qu&rsquo;il dirige \u00ab African Jazz Roots \u00bb (avec S.Domancich et Jean-Philippe Viret et Ibou Ndir). Leur troisi\u00e8me album, \u00ab Seetu \u00bb a \u00e9t\u00e9 \u00e9lu \u00ab coup<br \/>\nde c\u0153ur \u00bb de l&rsquo;Acad\u00e9mie Charles Cros 2023. Mis \u00e0 part des concerts solo et le duo form\u00e9 avec S.Domancich (dont le deuxi\u00e8me album \u00ab Twofold head \u00bb est paru en 2021), Simon se produit avec le quintet \u00ab Puzzle \u00bb, dirig\u00e9 par H\u00e9l\u00e8ne Labarri\u00e8re. Il a aussi repris la route avec le groupe \u00ab Magma \u00bb depuis 2020 (toujours en tant que pianiste), avec lequel il se produit dans les salles les plus prestigieuses de la plan\u00e8te.<br \/>\nEnfin, il compose r\u00e9guli\u00e8rement pour la sc\u00e8ne (danse, spectacles) ou pour la radio (\u00e9missions po\u00e9tiques ou dramatiques produites par France Culture) et participe \u00e0 la direction artistique du label PeeWee!.<br \/>\nSimon Goubert a \u00e9t\u00e9 le premier batteur \u00e0 recevoir le Prix Django Reinhardt de l&rsquo;Acad\u00e9mie du Jazz en 1996, et a obtenu le Grand Prix du Disque de l&rsquo;Acad\u00e9mie Charles Cros 2020 pour son album, \u00ab nous verrons\u2026 \u00bb.<\/p>\n<figure id=\"attachment_5599\" aria-describedby=\"caption-attachment-5599\" style=\"width: 1024px\" class=\"wp-caption aligncenter\"><img loading=\"lazy\" decoding=\"async\" class=\"size-large wp-image-5599\" src=\"http:\/\/www.19paulfort.com\/galerie\/wp-content\/uploads\/2018\/02\/Photo-Goubert-1024x683.jpg\" alt=\"\" width=\"1024\" height=\"683\" srcset=\"https:\/\/www.19paulfort.com\/galerie\/wp-content\/uploads\/2018\/02\/Photo-Goubert-1024x683.jpg 1024w, https:\/\/www.19paulfort.com\/galerie\/wp-content\/uploads\/2018\/02\/Photo-Goubert-300x200.jpg 300w, https:\/\/www.19paulfort.com\/galerie\/wp-content\/uploads\/2018\/02\/Photo-Goubert-768x512.jpg 768w, https:\/\/www.19paulfort.com\/galerie\/wp-content\/uploads\/2018\/02\/Photo-Goubert-750x500.jpg 750w\" sizes=\"auto, (max-width: 1024px) 100vw, 1024px\" \/><figcaption id=\"caption-attachment-5599\" class=\"wp-caption-text\">Simon Goubert<br \/>\u00a9 Nathalie Courau-Roudier<\/figcaption><\/figure>\n<p><strong>DISCOGRAPHIE S\u00c9LECTIVE<\/strong><\/p>\n<p><strong>Leader :<br \/>\n<\/strong>\u00ab\u00a0Hai\u0308ti\u00a0\u00bb (1991) \u2014 \u00ab\u00a0Couleurs de peaux\u00a0\u00bb (1993) \u2014 \u00ab\u00a0L&rsquo;encierro\u00a0\u00bb (1995) \u2014 \u00ab\u00a0Des jours difficiles\u00a0\u00bb (compilation Les Allume\u0301s du Jazz) (1997) \u2014 \u00ab\u00a0Le phare des Pierres Noires\u00a0\u00bb (1998) \u2014 \u00ab\u00a0De\u0301sormais,&#8230;\u00a0\u00bb (2001) \u2014 \u00ab\u00a0et apre\u0300s\u00a0\u00bb (2005) \u2014 \u201cBackground\u201d (2008)<\/p>\n<p><strong>Co-leader :<\/strong><br \/>\nSteve GROSSMAN \/ Alby CULLAZ \/ Simon GOUBERT : \u00ab\u00a0Reflections\u00a0\u00bb (1991)<br \/>\nSimon GOUBERT &amp; Christian VANDER \u00ab\u00a0WELCOME\u00a0\u00bb : \u00ab\u00a0Bienvenue\u00a0\u00bb (1995) Michel GRAILLIER \/ Alby CULLAZ \/ Simon GOUBERT : \u00ab\u00a0It was a very good night\u00a0\u00bb (1998) E\u0301ric BARRET &amp; Simon GOUBERT : \u00ab\u00a0Linkage\u00a0\u00bb (2000)<br \/>\nEmmanuel BEX \/ Glenn FERRIS \/ Simon GOUBERT \u00ab\u00a0BFG\u00a0\u00bb : \u00ab\u00a0Here and now\u00a0\u00bb \u2013 (2001) M.GRAILLIER \/ A.CULLAZ \/ S GOUBERT : \u00ab\u00a0Sweet smile\u00a0\u00bb &#8211; (Japon 2004)<br \/>\n\u00ab\u00a0SOFT BOUNDS\u00a0\u00bb (2005)<br \/>\nSophia DOMANCICH\/Jean-Jacques AVENEL\/Simon GOUBERT \u00ab\u00a0DAG\u00a0\u00bb (2006) Sophia DOMANCICH &amp; Simon GOUBERT \u00ab\u00a0You don&rsquo;t know what love is\u00a0\u00bb (2007) \u00ab\u00a0DAG\u00a0\u00bb \u00ab\u00a0Free 4 DAG\u00a0\u00bb (2009)<br \/>\nSimon GOUBERT &amp; Ablaye CISSOKO \u00ab\u00a0African Jazz Roots\u00a0\u00bb (2012)<br \/>\n\u201cDAG\u00a0\u00bb &#8211; \u201cUpcoming summer\u201d (2013)<br \/>\nEmmanuel BEX \/ Glenn FERRIS \/ Simon GOUBERT \u00ab\u00a0BFG\u00a0\u00bb : \u00ab\u00a0Now or never\u00a0\u00bb (2013) Simon GOUBERT &amp; Ablaye CISSOKO African Jazz Roots \u00ab\u00a0Au loin\u00a0\u00bb (2017)<\/p>\n<p><strong>Sideman :<\/strong><\/p>\n<p style=\"text-align: justify;\">Rene\u0301 URTREGER \u00ab\u00a0Serena\u00a0\u00bb (1990) \u2014 \u00ab\u00a0The art of romance\u00a0\u00bb (avec M.Graillier et R.Del Fra) (1990) \u2014 Arnaud MATTEI \u00ab\u00a0Kamala\u00a0\u00bb (1990) \u2014 Ste\u0301phane PERSIANI \u00ab\u00a0Le cinquie\u0300me\u00a0\u00bb (1990) \u2014 Stephanie CRAWFORD \/ Michel GRAILLIER \u00ab\u00a0A time for love\u00a0\u00bb (1991) \u2014 Babik REINHARDT \u00ab\u00a0Nuances\u00a0\u00bb (1992) \u2014 Didier LEVALLET \u00ab\u00a0Ge\u0301ne\u0301rations\u00a0\u00bb (1992) \u2014 Babik REINHARDT \u00ab\u00a0Les enfants de Django\u00a0\u00bb (1993) \u2014 Gilles NATUREL \u00ab\u00a0Naturel\u00a0\u00bb (1994) \u2014 Jeff GARDNER \/ Rick MARGITZA \u00ab\u00a0Second home\u00a0\u00bb \u2014 (1994) \u2014 Patrick CASTILLE \u00ab\u00a0Espace vital\u00a0\u00bb (1994) \u2014 Jacques VIDAL \u00ab\u00a0News of Bop\u00a0\u00bb (1995) \u2014 Pierre-Michel SIVADIER \u00ab\u00a0D&rsquo;amour fou d&rsquo;amour\u00a0\u00bb (1995) \u2014 Manuel ROCHEMAN \u00ab\u00a0Tropic City\u00a0\u00bb (1995) \u2014 Xavier RICHARDEAU \u00ab\u00a0Aube brune\u00a0\u00bb (1995) \u2014 Michel EDELIN \u00ab\u00a0De\u0301blocage d&rsquo;e\u0301mergence\u00a0\u00bb (1995) \u2014 Jacques VIDAL \u00ab\u00a0Traverses\u00a0\u00bb (1996) \u2014 Riccardo DEL FRA \/ Bob REVEL \u00ab\u00a0Insieme\u00a0\u00bb (1996) \u2014 Jacques VIDAL \u00ab\u00a0Ramblin\u00a0\u00bb (1999) \u2014 Manuel ROCHEMAN \u00ab\u00a0I&rsquo;m old fashioned\u00a0\u00bb (1999) \u2014 Florin NICULESCU \u00ab\u00a0Gipsy ballad\u00a0\u00bb (1999) \u2014 Eric BARRET \u00ab\u00a0New shapes\u00a0\u00bb (1999) \u2014 Jacques VIDAL \u00ab\u00a0Sai\u0308da\u00a0\u00bb (2000) \u2014 Sophia DOMANCICH\u00a0\u00bbPentacle\u00a0\u00bb (2003) \u2014 \u00ab\u00a0Jazz live in Samois\u00a0\u00bb (compilation) (2003) \u2014 Eddie HENDERSON \u00ab\u00a0Echoes\u00a0\u00bb (2004) \u2014 Jacques VIDAL \u00ab\u00a0Sans issue\u00a0\u00bb (2005) \u2014 Jacques VIDAL \u00ab\u00a0Mingus spirit\u00a0\u00bb (2007) \u2014 Sophia DOMANCICH Pentacle \u00ab\u00a0Triana moods\u00a0\u00bb (2007) \u2014 Emmanuel BEX \u201cOpen gate\u201d (2009) \u2014 Franc\u0327ois CORNELOUP \u201cNoir lumie\u0300re\u201d (2010) \u2014 Manabu OHISHI \u201cWish\u201d (2010) \u2014 Sophia DOMANCICH \u201cSnakes and ladders\u201d (2010) \u2014 Patrick DEFOSSEZ\/Anne-Gabriel DEBAEKER \u201cPourquoi tant de&#8230;\u201d (2011) \u2014 Emmanuel BEX \u201cfeat Be\u0301la Barto\u0301k\u201d (2011) \u2014 Manabu OHISHI \u201cKu\u201d (2012) \u2014 Michel Marre \u201cI remember Clifford\u201d (2013) \u2014 Manabu OHISHI \u201cGift\u201d (2013) \u2014 Michel EDELIN \u00ab\u00a0Re\u0301surgences\u00a0\u00bb (2013) \u2014 Jack WILKINS \u00ab\u00a0I was born in love with you\u00a0\u00bb (2015) \u2014 Ceol Mor \u201cLights and shades\u201d (2016) \u2014 Emmanuel BEX &amp; David LESCOT \u00ab\u00a0La chose Commune\u00a0\u00bb (2017) \u2014 Sophia DOMANCICH \u00ab\u00a0en hiver comme au printemps\u00a0\u00bb (2017) \u2014 \u00ab\u00a0Thollot in extenso\u00a0\u00bb (2017) \u2014 Rene\u0301 URTREGER &amp; Agne\u0300s DESARTHES \u00ab\u00a0Premier rendez-vous\u00a0\u00bb (2017)<\/p>\n<p><strong>Au piano :<\/strong><\/p>\n<p style=\"text-align: justify;\">MAGMA \u00a0\u00bb Merci \u00a0\u00bb (1982) \u2014 OFFERING \u00a0\u00bb Part 1&amp;2 \u00a0\u00bb (1984) \u2014 OFFERING \u00a0\u00bb Part 3&amp;4 \u00a0\u00bb (1987) \u2014 OFFERING \u00ab\u00a0Concert au the\u0301a\u0302tre Dejazet\u00a0\u00bb (1987) \u2014 MAGMA \u00ab\u00a0Les Voix\u00a0\u00bb (1992) \u2014 Stella \u00ab\u00a0Le c\u0153ur allant vers\u00a0\u00bb (2004) \u2014 Christian VANDER \u201cJohn Coltrane, l\u2019homme supre\u0302me\u201d (2011)<\/p>\n<p><strong>Directeur artistique :<\/strong><br \/>\nONJ Didier LEVALLET \u00ab\u00a0Deep feeling\u00a0\u00bb (2000)<\/p>\n<hr \/>\n<p><strong>Cet artiste a particip\u00e9 rue Paul Fort \u00e0 :<\/strong><\/p>\n<p><strong>Un concert en trio avec Sophia Domancich (piano) et Luke Stewart (contrebasse, le 3 f\u00e9vrier 2025<\/strong><br \/>\n<strong><a href=\"https:\/\/www.19paulfort.com\/galerie\/index.php\/2025\/01\/16\/12717\/\" target=\"_blank\" rel=\"noopener\">&gt; Lien vers le concert<\/a><\/strong><\/p>\n<p><strong>Un concert en duo avec le saxophoniste <a href=\"http:\/\/www.19paulfort.com\/galerie\/index.php\/2018\/02\/14\/corneloup-francois\/\">Fran\u00e7ois Corneloup<\/a>, le 8 mars 2018 <\/strong><br \/>\n<strong><a href=\"http:\/\/www.19paulfort.com\/galerie\/index.php\/2018\/02\/14\/concert-duo-francois-corneloup-saxophones-simon-goubert-batterie-8-mars-2018\/\">&gt; Lien vers le concert<\/a><\/strong><\/p>\n<p><strong>Un concert en duo avec <a href=\"http:\/\/www.19paulfort.com\/galerie\/index.php\/2016\/06\/04\/domancich-sophia\/\">Sophia Domancich<\/a> le 4 juin 2013 <\/strong><br \/>\n<a title=\"Duo Domancich - Goubert\" href=\"http:\/\/www.19paulfort.com\/galerie\/index.php\/2016\/05\/25\/concert-du-duo-sophia-domancich-et-simon-goubert-4-juin-2013\/\"><strong>&gt;\u00a0Lien vers le\u00a0concert<\/strong><\/a><\/p>\n","protected":false},"excerpt":{"rendered":"<p>Simon Goubert Batteur N\u00e9 \u00e0 Rennes en 1960, Simon Goubert commence l&rsquo;\u00e9tude du piano d\u00e8s l&rsquo;\u00e2ge de trois ans. Il d\u00e9couvre la batterie \u00e0 l&rsquo;occasion de la venue dans sa ville natale de Kenny Clarke le 4 f\u00e9vrier 1970. Il aborde les percussions d&rsquo;abord au conservatoire de Rennes, puis \u00e0 partir de 1976, avec Sylvio&hellip;<a href=\"https:\/\/www.19paulfort.com\/galerie\/index.php\/2016\/06\/04\/goubert-simon\/\" class=\"more-link\">Continue reading <span class=\"screen-reader-text\">GOUBERT Simon \u2022<\/span><\/a><\/p>\n","protected":false},"author":1,"featured_media":0,"comment_status":"closed","ping_status":"closed","sticky":false,"template":"","format":"standard","meta":{"footnotes":""},"categories":[18,26,20,19],"tags":[],"class_list":["post-934","post","type-post","status-publish","format-standard","hentry","category-artistes-invites","category-musiciens-compositeurs","category-par-nom","category-par-pratique-artistique"],"_links":{"self":[{"href":"https:\/\/www.19paulfort.com\/galerie\/index.php\/wp-json\/wp\/v2\/posts\/934","targetHints":{"allow":["GET"]}}],"collection":[{"href":"https:\/\/www.19paulfort.com\/galerie\/index.php\/wp-json\/wp\/v2\/posts"}],"about":[{"href":"https:\/\/www.19paulfort.com\/galerie\/index.php\/wp-json\/wp\/v2\/types\/post"}],"author":[{"embeddable":true,"href":"https:\/\/www.19paulfort.com\/galerie\/index.php\/wp-json\/wp\/v2\/users\/1"}],"replies":[{"embeddable":true,"href":"https:\/\/www.19paulfort.com\/galerie\/index.php\/wp-json\/wp\/v2\/comments?post=934"}],"version-history":[{"count":15,"href":"https:\/\/www.19paulfort.com\/galerie\/index.php\/wp-json\/wp\/v2\/posts\/934\/revisions"}],"predecessor-version":[{"id":12754,"href":"https:\/\/www.19paulfort.com\/galerie\/index.php\/wp-json\/wp\/v2\/posts\/934\/revisions\/12754"}],"wp:attachment":[{"href":"https:\/\/www.19paulfort.com\/galerie\/index.php\/wp-json\/wp\/v2\/media?parent=934"}],"wp:term":[{"taxonomy":"category","embeddable":true,"href":"https:\/\/www.19paulfort.com\/galerie\/index.php\/wp-json\/wp\/v2\/categories?post=934"},{"taxonomy":"post_tag","embeddable":true,"href":"https:\/\/www.19paulfort.com\/galerie\/index.php\/wp-json\/wp\/v2\/tags?post=934"}],"curies":[{"name":"wp","href":"https:\/\/api.w.org\/{rel}","templated":true}]}}