{"id":9367,"date":"2021-10-05T09:16:47","date_gmt":"2021-10-05T08:16:47","guid":{"rendered":"http:\/\/www.19paulfort.com\/galerie\/?p=9367"},"modified":"2025-03-01T08:43:41","modified_gmt":"2025-03-01T07:43:41","slug":"concert-autour-de-james-baldwin-m-ducret-d-pifarely-s-payen-23-octobre-2021","status":"publish","type":"post","link":"https:\/\/www.19paulfort.com\/galerie\/index.php\/2021\/10\/05\/concert-autour-de-james-baldwin-m-ducret-d-pifarely-s-payen-23-octobre-2021\/","title":{"rendered":"10 &#8211; 23 octobre &#8211; Concert &#8211; \u00ab\u00a0Autour de James Baldwin\u00a0\u00bb (M. Ducret, D. Pifar\u00e9ly, S. Payen) &#8211;"},"content":{"rendered":"<h1>Autour de James Baldwin<\/h1>\n<p><strong><span style=\"color: #000000;\">Samedi 23 octobre 2021<\/span><\/strong><\/p>\n<p style=\"text-align: center;\"><img loading=\"lazy\" decoding=\"async\" class=\"aligncenter wp-image-9434 size-large\" src=\"http:\/\/www.19paulfort.com\/galerie\/wp-content\/uploads\/2021\/10\/DucretPifarelyPayen-1024x378.jpg\" alt=\"\" width=\"1024\" height=\"378\" srcset=\"https:\/\/www.19paulfort.com\/galerie\/wp-content\/uploads\/2021\/10\/DucretPifarelyPayen-1024x378.jpg 1024w, https:\/\/www.19paulfort.com\/galerie\/wp-content\/uploads\/2021\/10\/DucretPifarelyPayen-300x111.jpg 300w, https:\/\/www.19paulfort.com\/galerie\/wp-content\/uploads\/2021\/10\/DucretPifarelyPayen-768x283.jpg 768w, https:\/\/www.19paulfort.com\/galerie\/wp-content\/uploads\/2021\/10\/DucretPifarelyPayen-750x277.jpg 750w, https:\/\/www.19paulfort.com\/galerie\/wp-content\/uploads\/2021\/10\/DucretPifarelyPayen.jpg 1133w\" sizes=\"auto, (max-width: 1024px) 100vw, 1024px\" \/><span style=\"color: #c60018;\"><strong>Marc Ducret\u00a0<\/strong><\/span><span style=\"color: #000000;\">(guitare)<\/span>,\u00a0<span style=\"color: #c60018;\"><strong>Dominique Pifar\u00e9ly\u00a0<\/strong><\/span><span style=\"color: #000000;\">(violon),<\/span> <strong>\u00a0<span style=\"color: #c60018;\">St\u00e9phane Payen<\/span><\/strong>\u00a0<span style=\"color: #000000;\">(saxophone, composition)\u00a0<\/span>sont au centre de cette cr\u00e9ation autour de l&rsquo;\u00e9crivain am\u00e9ricain <span style=\"color: #000000;\"><strong>James Baldwin<\/strong><\/span>, cet ecrivain incontournable, \u00ab\u00a0le n\u00e8gre\u00a0\u00bb de personne, dont les pens\u00e9es font l&rsquo;objet de citations internationalement.<br \/>\nD\u00e9\u00e7u par le \u00ab\u00a0r\u00eave am\u00e9ricain\u00a0\u00bb, <span style=\"color: #000000;\"><strong>James Baldwin<\/strong> <\/span>s&rsquo;est battu toute sa vie contre le racisme et pour plus de droits civiques pour les Noirs et les homosexuels.<br \/>\nDans la version compl\u00e8te, ces musiciens seront rejoints par Jamika Ajalon, Mike Ladd et Tamara Singh. pour les textes parl\u00e9s, chant\u00e9s, d\u00e9clam\u00e9s dans le cadre du festival Jazzdor \u00e0 Strasbourg.<br \/>\n<iframe loading=\"lazy\" src=\"https:\/\/player.vimeo.com\/video\/838443564?h=3256ba0dc4&amp;portrait=0\" width=\"640\" height=\"360\" frameborder=\"0\" allowfullscreen=\"allowfullscreen\"><\/iframe><\/p>\n<p><strong>&gt; Voir la fiche de <\/strong><a href=\"http:\/\/www.19paulfort.com\/galerie\/index.php\/2017\/03\/03\/ducret-marc\/\"><strong>Marc Ducret (guitare)<\/strong><\/a><br \/>\n<strong>&gt; Voir la fiche de <a href=\"http:\/\/www.19paulfort.com\/galerie\/index.php\/2016\/05\/25\/pifarely-dominique\/\">Dominique Pifar\u00e9ly (violon)<\/a><br \/>\n&gt; Voir la fiche de <a href=\"http:\/\/www.19paulfort.com\/galerie\/index.php\/2019\/10\/20\/payen-stephane\/\">St\u00e9phane Payen (saxophone, composition)<\/a><\/strong><\/p>\n","protected":false},"excerpt":{"rendered":"<p>Autour de James Baldwin Samedi 23 octobre 2021 Marc Ducret\u00a0(guitare),\u00a0Dominique Pifar\u00e9ly\u00a0(violon), \u00a0St\u00e9phane Payen\u00a0(saxophone, composition)\u00a0sont au centre de cette cr\u00e9ation autour de l&rsquo;\u00e9crivain am\u00e9ricain James Baldwin, cet ecrivain incontournable, \u00ab\u00a0le n\u00e8gre\u00a0\u00bb de personne, dont les pens\u00e9es font l&rsquo;objet de citations internationalement. D\u00e9\u00e7u par le \u00ab\u00a0r\u00eave am\u00e9ricain\u00a0\u00bb, James Baldwin s&rsquo;est battu toute sa vie contre le racisme&hellip;<a href=\"https:\/\/www.19paulfort.com\/galerie\/index.php\/2021\/10\/05\/concert-autour-de-james-baldwin-m-ducret-d-pifarely-s-payen-23-octobre-2021\/\" class=\"more-link\">Continue reading <span class=\"screen-reader-text\">10 &#8211; 23 octobre &#8211; Concert &#8211; \u00ab\u00a0Autour de James Baldwin\u00a0\u00bb (M. Ducret, D. Pifar\u00e9ly, S. Payen) &#8211;<\/span><\/a><\/p>\n","protected":false},"author":1,"featured_media":0,"comment_status":"closed","ping_status":"closed","sticky":false,"template":"","format":"standard","meta":{"footnotes":""},"categories":[17,57,7],"tags":[],"class_list":["post-9367","post","type-post","status-publish","format-standard","hentry","category-concerts","category-evenements-2021","category-evenements-passes"],"_links":{"self":[{"href":"https:\/\/www.19paulfort.com\/galerie\/index.php\/wp-json\/wp\/v2\/posts\/9367","targetHints":{"allow":["GET"]}}],"collection":[{"href":"https:\/\/www.19paulfort.com\/galerie\/index.php\/wp-json\/wp\/v2\/posts"}],"about":[{"href":"https:\/\/www.19paulfort.com\/galerie\/index.php\/wp-json\/wp\/v2\/types\/post"}],"author":[{"embeddable":true,"href":"https:\/\/www.19paulfort.com\/galerie\/index.php\/wp-json\/wp\/v2\/users\/1"}],"replies":[{"embeddable":true,"href":"https:\/\/www.19paulfort.com\/galerie\/index.php\/wp-json\/wp\/v2\/comments?post=9367"}],"version-history":[{"count":13,"href":"https:\/\/www.19paulfort.com\/galerie\/index.php\/wp-json\/wp\/v2\/posts\/9367\/revisions"}],"predecessor-version":[{"id":12856,"href":"https:\/\/www.19paulfort.com\/galerie\/index.php\/wp-json\/wp\/v2\/posts\/9367\/revisions\/12856"}],"wp:attachment":[{"href":"https:\/\/www.19paulfort.com\/galerie\/index.php\/wp-json\/wp\/v2\/media?parent=9367"}],"wp:term":[{"taxonomy":"category","embeddable":true,"href":"https:\/\/www.19paulfort.com\/galerie\/index.php\/wp-json\/wp\/v2\/categories?post=9367"},{"taxonomy":"post_tag","embeddable":true,"href":"https:\/\/www.19paulfort.com\/galerie\/index.php\/wp-json\/wp\/v2\/tags?post=9367"}],"curies":[{"name":"wp","href":"https:\/\/api.w.org\/{rel}","templated":true}]}}